{"id":1329,"date":"2025-05-24T10:34:18","date_gmt":"2025-05-24T08:34:18","guid":{"rendered":"https:\/\/acreurope.eu\/?p=1329"},"modified":"2025-11-02T14:23:10","modified_gmt":"2025-11-02T13:23:10","slug":"derila-ergo-pude","status":"publish","type":"post","link":"https:\/\/acreurope.eu\/da\/derila-ergo-pude\/","title":{"rendered":"Derila Ergo pude erfaringer &#038; den billigste pris i Danmark"},"content":{"rendered":"<p><img loading=\"lazy\" decoding=\"async\" class=\"aligncenter size-full wp-image-1041\" src=\"https:\/\/acreurope.eu\/wp-content\/uploads\/2025\/05\/derila-ergo-kissen.jpg\" alt=\"derila ergo pude\" width=\"800\" height=\"760\" srcset=\"https:\/\/acreurope.eu\/wp-content\/uploads\/2025\/05\/derila-ergo-kissen.jpg 800w, https:\/\/acreurope.eu\/wp-content\/uploads\/2025\/05\/derila-ergo-kissen-300x285.jpg 300w, https:\/\/acreurope.eu\/wp-content\/uploads\/2025\/05\/derila-ergo-kissen-768x730.jpg 768w\" sizes=\"auto, (max-width: 800px) 100vw, 800px\" \/><\/p>\n<p><strong>Kvaliteten af vores s\u00f8vn afh\u00e6nger i h\u00f8j grad af kroppens biomekaniske position under nattes\u00f8vnen. Hovedpudens st\u00f8tte til hoved, nakke og skuldre spiller her en central rolle. Is\u00e6r sammenh\u00e6ngen mellem en ufysiologisk placering af halshvirvels\u00f8jlen og forekomsten af kroniske lidelser som cervikogen hovedpine, nakkesp\u00e6ndinger eller myofasciale triggerpunkter er dokumenteret i talrige kliniske unders\u00f8gelser. P\u00e5 denne baggrund er valget af en ergonomisk optimeret pude ikke kun et subjektivt komfortkriterium, men et v\u00e6sentligt aspekt af forebyggende s\u00f8vnmedicin.<\/strong><\/p>\n<div class=\"sue-section\" data-url=\"\" data-target=\"blank\" style=\"margin:0px 0px 0px 0px;border-top:2px dashed #F75A00;border-bottom:2px dashed #F75A00\"><div class=\"sue-section-background\" style=\"background-color:#f3f3f3;background-position:left top;background-size:cover;\"><\/div><div class=\"sue-section-content sue-content-wrap\" style=\"padding:30px 0px 30px 0px;max-width:960px;text-align:left;color:#333333;text-shadow:0px 1px 10px #ffffff\">\n<div class=\"sue-icon-text\" data-url=\"\" data-target=\"self\" style=\"min-height:64px;padding-left:81px;color:#333333\"><div class=\"sue-icon-text-icon\" style=\"color:#008b02;font-size:54px;width:54px;height:54px\"><i class=\"sui sui-thumbs-up\" style=\"font-size:54px;color:#008b02\"><\/i><\/div><div class=\"sue-icon-text-content sue-content-wrap\" style=\"color:#333333\"><big><strong>TOP ergonomisk sovepude 2025 (testvinder)<\/strong><\/big><br \/>\nNu med 70 % rabat <a href=\"https:\/\/acreurope.eu\/go\/derilaergo-dk\" target=\"_blank\" rel=\"nofollow noopener\">tilg\u00e6ngelig i den officielle butik<\/a><\/div><div style=\"clear:both;height:0\"><\/div><\/div>\n<\/div><\/div>\n<p>&nbsp;<\/p>\n<p>Derila Ergo-puden markedsf\u00f8res som en ortop\u00e6disk nakkest\u00f8ttepude med ergonomisk sommerfuglform. Form\u00e5let med denne videnskabeligt baserede analyse er at unders\u00f8ge produktet med hensyn til dets fysiologiske virkning, materialetekniske egenskaber, anvendelsesomr\u00e5de og potentielle sundhedsm\u00e6ssige effekter. Vurderingen foretages b\u00e5de p\u00e5 basis af s\u00f8vnmedicinske, biomekaniske og ergonomiske parametre og under hensyntagen til den praktiske anvendelighed i hverdagen.<\/p>\n<p><a href=\"https:\/\/acreurope.eu\/go\/derilaergo-dk\" target=\"_blank\" rel=\"nofollow noopener\"><img loading=\"lazy\" decoding=\"async\" class=\"aligncenter size-full wp-image-1066\" src=\"https:\/\/acreurope.eu\/wp-content\/uploads\/2025\/05\/derila-ergo-test.jpg\" alt=\"derila ergo test\" width=\"700\" height=\"635\" srcset=\"https:\/\/acreurope.eu\/wp-content\/uploads\/2025\/05\/derila-ergo-test.jpg 700w, https:\/\/acreurope.eu\/wp-content\/uploads\/2025\/05\/derila-ergo-test-300x272.jpg 300w\" sizes=\"auto, (max-width: 700px) 100vw, 700px\" \/><\/a><\/p>\n<table>\n<thead>\n<tr>\n<th>\u2705 <strong>Fordel<\/strong><\/th>\n<th>\ud83d\udcdd <strong>Beskrivelse<\/strong><\/th>\n<\/tr>\n<\/thead>\n<tbody>\n<tr>\n<td>\ud83e\udde0 Ergonomisk design<\/td>\n<td>Underst\u00f8tter den naturlige udretning af hoved, nakke og rygs\u00f8jle<\/td>\n<\/tr>\n<tr>\n<td>\ud83d\udc86\u200d\u2642\ufe0f Afslapning for nakke og skuldre<\/td>\n<td>Lindrer muskelsp\u00e6ndinger og fremmer en regenererende sovestilling<\/td>\n<\/tr>\n<tr>\n<td>\ud83d\udecf\ufe0f Egnet til alle sovestillinger<\/td>\n<td>Uanset om du sover p\u00e5 siden, ryggen eller maven \u2013 puden tilpasser sig individuelt<\/td>\n<\/tr>\n<tr>\n<td>\ud83c\udf2c\ufe0f \u00c5ndbart memoryskum<\/td>\n<td>Fremmer et k\u00f8ligt og t\u00f8rt soveklima<\/td>\n<\/tr>\n<tr>\n<td>\ud83e\uddfd Vaskbart, allergivenligt betr\u00e6k<\/td>\n<td>Hygiejnisk og ideelt til allergikere<\/td>\n<\/tr>\n<tr>\n<td>\ud83e\udeb6 Trykaflastende og formstabilt<\/td>\n<td>Fordeler v\u00e6gten j\u00e6vnt og forhindrer trykpunkter<\/td>\n<\/tr>\n<tr>\n<td>\ud83e\uddf3 Kompakt og velegnet til rejser<\/td>\n<td>Ideel ogs\u00e5 til rejser, f.eks. i bil eller fly<\/td>\n<\/tr>\n<tr>\n<td>\ud83d\udd01 Kan bruges p\u00e5 begge sider<\/td>\n<td>J\u00e6vn slitage, forl\u00e6nger levetiden<\/td>\n<\/tr>\n<tr>\n<td>\ud83e\uddec Medicinsk inspireret produkt<\/td>\n<td>Baseret p\u00e5 viden inden for s\u00f8vnmedicin og ortop\u00e6di<\/td>\n<\/tr>\n<tr>\n<td>\ud83c\udf31 Holdbar og ressourcebesparende<\/td>\n<td>H\u00f8j materialekvalitet reducerer behovet for nye anskaffelser og affald<\/td>\n<\/tr>\n<\/tbody>\n<\/table>\n<p>&nbsp;<\/p>\n<p>&nbsp;<\/p>\n<div class=\"sue-section\" data-url=\"\" data-target=\"blank\" style=\"margin:0px 0px 0px 0px;border-top:2px dashed #F75A00;border-bottom:2px dashed #F75A00\"><div class=\"sue-section-background\" style=\"background-color:#fdfdfd;background-position:left top;background-size:cover;\"><\/div><div class=\"sue-section-content sue-content-wrap\" style=\"padding:30px 0px 30px 0px;max-width:960px;text-align:left;color:#333333;text-shadow:0 1px 10px #ffffff\">\n<h2>Bestil DERILA ERGO<\/h2>\n<p><strong>F\u00e5 70 % rabat i en begr\u00e6nset periode p\u00e5 den officielle hjemmeside:<\/strong><\/p>\n<p>&nbsp;<\/p>\n<div class=\"su-button-center\"><a href=\"https:\/\/acreurope.eu\/go\/derilaergo-dk\" class=\"su-button su-button-style-glass\" style=\"color:#FFFFFF;background-color:#00980a;border-color:#007a08;border-radius:9px\" target=\"_blank\" rel=\"nofollow\"><span style=\"color:#FFFFFF;padding:8px 24px;font-size:18px;line-height:27px;border-color:#4db754;border-radius:9px;text-shadow:none\"><i class=\"sui sui-caret-right\" style=\"font-size:18px;color:#FFFFFF\"><\/i> <strong>Bestil DERILA ERGO<\/strong><br \/>\nF\u00e5 70 % rabat i dag<\/span><\/a><\/div>\n<p>&nbsp;<\/p>\n<\/div><\/div>\n\n<p>&nbsp;<\/p>\n<h2>Kapitel 1: Derila Ergo erfaringer: Anatomisk-biomekaniske grundlag for nakkest\u00f8tte<\/h2>\n<p>Halshvirvels\u00f8jlen (HWS) best\u00e5r af syv hvirvler (C1\u2013C7), som b\u00e5de har en b\u00e6rende og en mobiliserende funktion. Opretholdelsen af en fysiologisk lordose i rygleje samt en neutral, sidev\u00e6rts retning i sideleje er afg\u00f8rende for muskelafsp\u00e6nding om natten, regenerering af diskusprolaps og forebyggelse af asymmetrisk muskelsp\u00e6nding.<\/p>\n<p>En uegnet pude \u2013 for bl\u00f8d, for h\u00e5rd, for flad eller for volumin\u00f8s \u2013 kan tvinge halshvirvels\u00f8jlen ud af sin neutrale position. Den deraf f\u00f8lgende hyperlordose eller lateral fleksion f\u00f8rer til patologisk for\u00f8gelse af muskeltonus i omr\u00e5det omkring musculus trapezius, levator scapulae og den subokcipitale muskulatur. P\u00e5 lang sigt kan dette resultere i funktionelle hovedpiner, vertebrale svimmelhedssymptomer og endda cervikogene migr\u00e6neformer.<\/p>\n<p>Den ideelle pude skal derfor:<\/p>\n<ul>\n<li>Underst\u00f8tte den fysiologiske krumning af halshvirvels\u00f8jlen i rygleje<\/li>\n<li>Holde den aksiale linje mellem hoved og rygs\u00f8jle neutral i sideleje<\/li>\n<li>Minimere trykpunkter og sikre en j\u00e6vn fordeling af belastningen p\u00e5 skulderb\u00e6ltet og hovedet<\/li>\n<li>Udfylde en termoregulerende, \u00e5ndbar funktion<\/li>\n<\/ul>\n<h2>Kapitel 2: Derila Ergo-test: Opbygning og materialer i sovepuden i detaljer<\/h2>\n<p>Derila Ergo-puden best\u00e5r af h\u00f8jdensitets viskoelastisk skum (memory foam), et materiale, der bliver bl\u00f8dt under p\u00e5virkning af temperaturen og tilpasser sig n\u00f8jagtigt til kroppens konturer. Denne egenskab skyldes skumstrukturens \u00e5bne porer, der muligg\u00f8r en langsom tilbagef\u00f8ringsadf\u00e6rd.<\/p>\n<p>De s\u00e6rlige egenskaber i opbygningen:<\/p>\n<ul>\n<li><strong>Sommerfugleform med cervikal fordybning<\/strong>: Den centrale fordybning er beregnet til baghovedet, mens de forh\u00f8jede kanter st\u00f8tter halshvirvels\u00f8jlen lateralt.<\/li>\n<li><strong>Sidearmst\u00f8tter<\/strong>: Disse aflaster skulderen, selv i sideleje, ved at forhindre armen i at synke ned.<\/li>\n<li><strong>Antibakterielt og vaskbart pudebetr\u00e6k<\/strong>: Betr\u00e6kket er fremstillet af allergivenligt, \u00e5ndbart materiale med mikrofiber og underst\u00f8tter et t\u00f8rt sove milj\u00f8 og h\u00e6mmer midev\u00e6kst.<\/li>\n<\/ul>\n<p>Det anvendte skum har en gennemsnitlig densitet p\u00e5 ca. 45-55 kg\/m\u00b3. Dette giver en god balance mellem stabilitet og tilpasningsevne. Sammenlignet med standardskumpuder (densitetsomr\u00e5de 20-30 kg\/m\u00b3) resulterer dette i en forbedret formstabilitet over flere \u00e5r \u2013 et afg\u00f8rende kvalitetskendetegn for ortop\u00e6diske produkter.<\/p>\n<h2>Kapitel 3: Anvendelse og tilpasningsevne \u2013 et multidimensionelt liggende koncept<\/h2>\n<h3>3.1 Liggende p\u00e5 ryggen<\/h3>\n<p>N\u00e5r man ligger p\u00e5 ryggen, st\u00f8ttes hovedet blidt af den centrale fordybning uden at trykke hagen mod brystet (undg\u00e5else af cervikal fleksion). De forh\u00f8jede kanter i skulderh\u00f8jde forhindrer, at halshvirvels\u00f8jlen b\u00f8jer bagud. Dette f\u00f8rer til en fuldst\u00e6ndig afsp\u00e6nding af de paraspinale muskler i nakkeomr\u00e5det, hvilket er klinisk relevant, is\u00e6r for patienter med cervikogen svimmelhed eller cervicobrachialgi.<\/p>\n<h3>3.2 Sideliggende stilling<\/h3>\n<p>I sideliggende stilling udfylder puden fuldst\u00e6ndigt mellemrummet mellem skulder og hoved. De ergonomisk formede sidefl\u00f8je forhindrer hovedet i at vippe til siden eller skulderen i at rulle ind. Den aksiale linje fra pande, n\u00e6sespids, hage og brystben bevares s\u00e5ledes. Skulderen kan synke ned i den laterale fordybning uden at for\u00e5rsage trykpunkter. Dette er afg\u00f8rende for mennesker med tendinopatier i skulderomr\u00e5det eller thoracic outlet-syndrom.<\/p>\n<h3>3.3 Liggende p\u00e5 maven<\/h3>\n<p>Selvom liggende p\u00e5 maven betragtes som suboptimalt ud fra en s\u00f8vnmedicinsk synsvinkel, giver den fladere pande p\u00e5 Derila Ergo nakkepuden ogs\u00e5 i denne position en relativt trykfri liggestilling med fri n\u00e6sevejrtr\u00e6kning, uden at halshvirvels\u00f8jlen tvinges til maksimal rotation.<\/p>\n<h2>Kapitel 4: Termoregulering og hygiejniske egenskaber<\/h2>\n<p>Et hyppigt problem med traditionelle puder er ophobning af varme og fugt om natten. Memory-skummet i Derila Ergo-puden har en \u00e5ben por\u00f8s cellestruktur, der effektivt leder fugt v\u00e6k og tillader luftcirkulation. Dette skaber et k\u00f8ligere og t\u00f8rrere soveklima \u2013 en v\u00e6sentlig fordel for mennesker med overdreven nattesved eller klimabetingede s\u00f8vnforstyrrelser.<\/p>\n<p>Betr\u00e6kket er aftageligt og maskinvaskbart ved 30 \u00b0C. Takket v\u00e6re dets allergivenlige egenskaber er det ogs\u00e5 velegnet til allergikere. Tekstilens antibakterielle behandling h\u00e6mmer forekomsten af husst\u00f8vmider, hvilket er et relevant k\u00f8bskriterium, is\u00e6r for personer med allergisk rhinitis eller atopisk eksem.<\/p>\n<p>&nbsp;<\/p>\n<div class=\"su-button-center\"><a href=\"https:\/\/acreurope.eu\/go\/derilaergo-dk\" class=\"su-button su-button-style-glass\" style=\"color:#FFFFFF;background-color:#00980a;border-color:#007a08;border-radius:9px\" target=\"_blank\" rel=\"nofollow\"><span style=\"color:#FFFFFF;padding:8px 24px;font-size:18px;line-height:27px;border-color:#4db754;border-radius:9px;text-shadow:none\"><i class=\"sui sui-caret-right\" style=\"font-size:18px;color:#FFFFFF\"><\/i> <strong>Bestil DERILA ERGO<\/strong><br \/>\nF\u00e5 70 % rabat i dag<\/span><\/a><\/div>\n<p>&nbsp;<\/p>\n<h2>Kapitel 5: Sammenlignende analyse \u2013 Derila i sammenh\u00e6ng med almindelige pudemodeller<\/h2>\n<p>For at kunne vurdere Derila-pudens ergonomiske ydeevne objektivt er det n\u00f8dvendigt at sammenligne den med andre pudetyper, der findes p\u00e5 markedet. De v\u00e6sentligste kategorier omfatter:<\/p>\n<p><strong>1. Standard bl\u00f8de puder med polyesterfyld<\/strong><br \/>\nDisse modeller er kendetegnet ved h\u00f8j formbarhed, men mangelfuld st\u00f8tteevne. De har tendens til at danne trykpunkter og giver ikke m\u00e5lrettet st\u00f8tte til halshvirvels\u00f8jlen. Liggestillingen er ustabil, hvilket is\u00e6r i side- og rygleje kan f\u00f8re til holdningsskader.<\/p>\n<p><strong>2. Latexpuder<\/strong><br \/>\nPuder af naturlatex er formstabile og allergivenlige, men er mindre tilpasningsdygtige end memory foam. H\u00e5rdhedsgraden er ofte h\u00f8jere, hvilket kan for\u00e5rsage trykproblemer hos f\u00f8lsomme sovende. Desuden er latexpuder tungere og mindre fleksible.<\/p>\n<p><strong>3. Gelskumpuder<\/strong><br \/>\nDisse puder har gode temperaturregulerende egenskaber og har lignende viskoelastiske strukturer som memory-skum. Ulempen ligger ofte i manglende formdybde og manglende ergonomisk strukturering \u2013 mange modeller er rektangul\u00e6re og har ingen cervikal fordybning.<\/p>\n<p><strong>4. Ergonomisk formede memory-puder (f.eks. Tempur, Emma, Casper)<\/strong><br \/>\nDisse produkter tilbyder en ortop\u00e6disk standard, der kan sammenlignes med Derila Ergo-puden, men er ofte st\u00f8rre, h\u00e5rdere eller betydeligt dyrere. Nogle kan kun bruges p\u00e5 den ene side, mens Derila kan bruges p\u00e5 begge sider takket v\u00e6re sin symmetriske sommerfugleform.<\/p>\n<p><strong>Konklusion af sammenligningsanalysen:<\/strong><br \/>\nDerila Ergo-puden indtager en mellemposition i dette spektrum: Den kombinerer den ortop\u00e6diske funktion af en premium-memory-pude med et brugervenligt, fleksibelt design og ligger samtidig i det midterste prissegment. I hverdagen overbeviser den is\u00e6r med sin alsidige anvendelighed til alle sovestillinger samt sin kompakte form, der ogs\u00e5 er praktisk p\u00e5 rejser.<\/p>\n<h2>Kapitel 6: Anvendelsesrelevans for s\u00e6rlige m\u00e5lgrupper<\/h2>\n<h3>6.1 Kontormedarbejdere og personer med belastende siddende arbejde<\/h3>\n<p>Personer, der tilbringer det meste af deres dag siddende \u2013 is\u00e6r ved sk\u00e6rmarbejdspladser \u2013 lider ofte af muskul\u00e6r ubalance i skulder-nakke-omr\u00e5det. Derila Ergo-puden kan fungere som en s\u00f8vnmedicinsk udligningsforanstaltning ved at afsp\u00e6nde de forkortede ventrale muskler (f.eks. m. sternocleidomastoideus) og aflaste de tonisk overbelastede nakkemuskler. Dette skaber en vigtig regenereringsfase under s\u00f8vnen.<\/p>\n<h3>6.2 \u00c6ldre<\/h3>\n<p>Med alderen mindskes ryghvirvlerne elasticitet, muskulaturen mister sin tone, mens artroseforandringer \u00f8ges. I denne befolkningsgruppe er en stabil, anatomisk korrekt liggestilling s\u00e6rlig afg\u00f8rende. Gennem sin trykaflastende virkning og anatomiske form kan Derila Ergo-puden bidrage til at bremse degenerative processer i halshvirvels\u00f8jlen og reducere natlige gener.<\/p>\n<h3>6.3 Smertepatienter<\/h3>\n<p>Kroniske smertepatienter i halshvirvels\u00f8jlen har p\u00e5viseligt gavn af m\u00e5lrettet liggestillingsbehandling. S\u00f8vnunders\u00f8gelser har vist, at ortop\u00e6disk formede nakkest\u00f8ttepuder har en positiv indvirkning p\u00e5 b\u00e5de s\u00f8vnkvaliteten og smerteintensiteten. Derila Ergo-puden er en prisbillig, ikke-invasiv metode til at forbedre nattes\u00f8vnen.<\/p>\n<h3>6.4 Sportslige personer<\/h3>\n<p>Sportsud\u00f8vere, is\u00e6r inden for crossfit, sv\u00f8mning, kampsport eller styrketr\u00e6ning, belaster ofte nakkemuskulaturen ensidigt. Under regenerering spiller sovestillingen en afg\u00f8rende rolle for muskelrestitution og forebyggelse af skader. Derila Ergo-puden kan her tilbyde optimal liggest\u00f8tte uden at komprimere skulderb\u00e6ltemuskulaturen.<\/p>\n<h2>Kapitel 7: Langtidsejendomme, holdbarhed og \u00f8kologiske aspekter<\/h2>\n<h3>7.1 Formstabilitet og brug over l\u00e6ngere perioder<\/h3>\n<p>Den viskoelastiske kerne i Derila Ergo-puden har en h\u00f8j tilbagef\u00f8rselskraft, selv efter flere m\u00e5neders daglig brug. Formen forbliver stabil uden at blive h\u00e5rd eller synke sammen. Dette er en klar fordel i forhold til billigere memory foam-puder, der mister deres struktur ved kraftig belastning.<\/p>\n<p>Unders\u00f8gelser af sammenlignelige skummaterialer viser, at der normalt f\u00f8rst opst\u00e5r et kvalitets tab efter 24-36 m\u00e5neder \u2013 en periode, der ogs\u00e5 kan forventes for Derila Ergo-produktet. Regelm\u00e6ssig rotation (brug af begge sider) forl\u00e6nger desuden levetiden.<\/p>\n<h3>7.2 Vaskeegenskaber og hygiejne<\/h3>\n<p>Betr\u00e6kket kan vaskes i maskine og t\u00f8rrer hurtigt. Da memory-skummet ikke m\u00e5 vaskes, anbefales et vaskbart beskyttelsesbetr\u00e6k (f\u00e5s som ekstraudstyr). Takket v\u00e6re de allergivenlige materialer er produktet ogs\u00e5 velegnet til allergikere, uden at de beh\u00f8ver at k\u00f8be separate allergivenlige betr\u00e6k.<\/p>\n<h3>7.3 B\u00e6redygtighed<\/h3>\n<p>Selvom memory-skum ikke er et naturmateriale, overbeviser Derila-puden med sin holdbarhed og reducerede emballage. Transporten foreg\u00e5r rullet for at spare plads, hvilket reducerer emissionerne ved forsendelsen. Med hensyn til genanvendelighed skal det bem\u00e6rkes, at skummet endnu ikke er fuldst\u00e6ndigt biologisk nedbrydeligt, men det kan genanvendes termisk.<\/p>\n<figure id=\"attachment_1054\" aria-describedby=\"caption-attachment-1054\" style=\"width: 690px\" class=\"wp-caption aligncenter\"><a href=\"https:\/\/acreurope.eu\/go\/derilaergo-dk\" target=\"_blank\" rel=\"nofollow noopener\"><img loading=\"lazy\" decoding=\"async\" class=\"wp-image-1054 size-full\" src=\"https:\/\/acreurope.eu\/wp-content\/uploads\/2025\/05\/derila-ergo-erfahrungen.jpg\" alt=\"derila ergo erfahrungen\" width=\"700\" height=\"683\" srcset=\"https:\/\/acreurope.eu\/wp-content\/uploads\/2025\/05\/derila-ergo-erfahrungen.jpg 700w, https:\/\/acreurope.eu\/wp-content\/uploads\/2025\/05\/derila-ergo-erfahrungen-300x293.jpg 300w\" sizes=\"auto, (max-width: 700px) 100vw, 700px\" \/><\/a><figcaption id=\"caption-attachment-1054\" class=\"wp-caption-text\">Den gamle Derila-pude<\/figcaption><\/figure>\n<h2>Kapitel 8: Konklusion \u2013 Videnskabelig samlet vurdering<\/h2>\n<p>Derila Ergo-puden er et gennemt\u00e6nkt, funktionelt og veludf\u00f8rt s\u00f8vnprodukt, der opfylder de aktuelle standarder inden for ortop\u00e6di og s\u00f8vnhygiejne. Kombinationen af formhukommelseskum, ergonomisk design og bredt anvendelsesomr\u00e5de g\u00f8r den velegnet til mange forskellige m\u00e5lgrupper. Uanset om det drejer sig om kroniske lidelser, forebyggelse af sp\u00e6ndinger eller generel forbedring af s\u00f8vnkvaliteten, tilbyder puden videnskabeligt plausible fordele.<\/p>\n<p>Med hensyn til materialekvalitet, ortop\u00e6disk funktion og egnethed til daglig brug tegner der sig et meget positivt billede. Derila-puden er ikke et livsstilsaccessorie, men et seri\u00f8st, medicinsk inspireret produkt til mennesker, der betragter deres s\u00f8vn som en sundhedsressource. Det kan bruges b\u00e5de profylaktisk og som supplement til terapi.<\/p>\n<p><strong>Anbefaling:<\/strong> For alle, der lider af urolig s\u00f8vn, nakkesmerter eller muskul\u00e6re sp\u00e6ndinger \u2013 eller \u00f8nsker at forebygge dette \u2013 er Derila Ergo-puden en fornuftig og v\u00e6rdifuld investering.<\/p>\n<div class=\"su-button-center\"><a href=\"https:\/\/acreurope.eu\/go\/derilaergo-dk\" class=\"su-button su-button-style-glass\" style=\"color:#FFFFFF;background-color:#00980a;border-color:#007a08;border-radius:9px\" target=\"_blank\" rel=\"nofollow\"><span style=\"color:#FFFFFF;padding:8px 24px;font-size:18px;line-height:27px;border-color:#4db754;border-radius:9px;text-shadow:none\"><i class=\"sui sui-caret-right\" style=\"font-size:18px;color:#FFFFFF\"><\/i> <strong>Bestil DERILA ERGO<\/strong><br \/>\nF\u00e5 70 % rabat i dag<\/span><\/a><\/div>\n","protected":false},"excerpt":{"rendered":"<p>Kvaliteten af vores s\u00f8vn afh\u00e6nger i h\u00f8j grad af kroppens biomekaniske position under nattes\u00f8vnen. Hovedpudens st\u00f8tte til hoved, nakke og skuldre spiller her en central rolle. Is\u00e6r sammenh\u00e6ngen mellem en ufysiologisk placering af halshvirvels\u00f8jlen og forekomsten af kroniske lidelser som cervikogen hovedpine, nakkesp\u00e6ndinger eller myofasciale triggerpunkter er dokumenteret i talrige kliniske unders\u00f8gelser. P\u00e5 denne baggrund &#8230; <a title=\"Derila Ergo pude erfaringer &#038; den billigste pris i Danmark\" class=\"read-more\" href=\"https:\/\/acreurope.eu\/da\/derila-ergo-pude\/\" aria-label=\"Read more about Derila Ergo pude erfaringer &#038; den billigste pris i Danmark\">Weiterlesen &#8230;<\/a><\/p>\n","protected":false},"author":1,"featured_media":0,"comment_status":"closed","ping_status":"closed","sticky":false,"template":"","format":"standard","meta":{"footnotes":""},"categories":[33],"tags":[],"class_list":["post-1329","post","type-post","status-publish","format-standard","hentry","category-uncategorized-da"],"yoast_head":"<!-- This site is optimized with the Yoast SEO plugin v25.8 - https:\/\/yoast.com\/wordpress\/plugins\/seo\/ -->\n<title>Derila Ergo pude erfaringer \u2734\ufe0f 70% rabat<\/title>\n<meta name=\"robots\" content=\"index, follow, max-snippet:-1, max-image-preview:large, max-video-preview:-1\" \/>\n<link rel=\"canonical\" href=\"https:\/\/acreurope.eu\/da\/derila-ergo-pude\/\" \/>\n<meta property=\"og:locale\" content=\"da_DK\" \/>\n<meta property=\"og:type\" content=\"article\" \/>\n<meta property=\"og:title\" content=\"Derila Ergo pude erfaringer \u2734\ufe0f 70% rabat\" \/>\n<meta property=\"og:description\" content=\"Kvaliteten af vores s\u00f8vn afh\u00e6nger i h\u00f8j grad af kroppens biomekaniske position under nattes\u00f8vnen. Hovedpudens st\u00f8tte til hoved, nakke og skuldre spiller her en central rolle. Is\u00e6r sammenh\u00e6ngen mellem en ufysiologisk placering af halshvirvels\u00f8jlen og forekomsten af kroniske lidelser som cervikogen hovedpine, nakkesp\u00e6ndinger eller myofasciale triggerpunkter er dokumenteret i talrige kliniske unders\u00f8gelser. P\u00e5 denne baggrund ... Weiterlesen ...\" \/>\n<meta property=\"og:url\" content=\"https:\/\/acreurope.eu\/da\/derila-ergo-pude\/\" \/>\n<meta property=\"og:site_name\" content=\"acreurope.eu\" \/>\n<meta property=\"article:published_time\" content=\"2025-05-24T08:34:18+00:00\" \/>\n<meta property=\"article:modified_time\" content=\"2025-11-02T13:23:10+00:00\" \/>\n<meta property=\"og:image\" content=\"https:\/\/acreurope.eu\/wp-content\/uploads\/2025\/05\/derila-ergo-kissen.jpg\" \/>\n\t<meta property=\"og:image:width\" content=\"800\" \/>\n\t<meta property=\"og:image:height\" content=\"760\" \/>\n\t<meta property=\"og:image:type\" content=\"image\/jpeg\" \/>\n<meta name=\"author\" content=\"admin66\" \/>\n<meta name=\"twitter:card\" content=\"summary_large_image\" \/>\n<meta name=\"twitter:label1\" content=\"Skrevet af\" \/>\n\t<meta name=\"twitter:data1\" content=\"admin66\" \/>\n\t<meta name=\"twitter:label2\" content=\"Estimeret l\u00e6setid\" \/>\n\t<meta name=\"twitter:data2\" content=\"9 minutter\" \/>\n<script type=\"application\/ld+json\" class=\"yoast-schema-graph\">{\"@context\":\"https:\/\/schema.org\",\"@graph\":[{\"@type\":\"Article\",\"@id\":\"https:\/\/acreurope.eu\/da\/derila-ergo-pude\/#article\",\"isPartOf\":{\"@id\":\"https:\/\/acreurope.eu\/da\/derila-ergo-pude\/\"},\"author\":{\"name\":\"admin66\",\"@id\":\"https:\/\/acreurope.eu\/da\/#\/schema\/person\/1cb8475a6d80cee160766e6547fe8d70\"},\"headline\":\"Derila Ergo pude erfaringer &#038; den billigste pris i Danmark\",\"datePublished\":\"2025-05-24T08:34:18+00:00\",\"dateModified\":\"2025-11-02T13:23:10+00:00\",\"mainEntityOfPage\":{\"@id\":\"https:\/\/acreurope.eu\/da\/derila-ergo-pude\/\"},\"wordCount\":1950,\"publisher\":{\"@id\":\"https:\/\/acreurope.eu\/da\/#organization\"},\"image\":{\"@id\":\"https:\/\/acreurope.eu\/da\/derila-ergo-pude\/#primaryimage\"},\"thumbnailUrl\":\"https:\/\/acreurope.eu\/wp-content\/uploads\/2025\/05\/derila-ergo-kissen.jpg\",\"articleSection\":[\"Uncategorized @da\"],\"inLanguage\":\"da-DK\"},{\"@type\":\"WebPage\",\"@id\":\"https:\/\/acreurope.eu\/da\/derila-ergo-pude\/\",\"url\":\"https:\/\/acreurope.eu\/da\/derila-ergo-pude\/\",\"name\":\"Derila Ergo pude erfaringer \u2734\ufe0f 70% rabat\",\"isPartOf\":{\"@id\":\"https:\/\/acreurope.eu\/da\/#website\"},\"primaryImageOfPage\":{\"@id\":\"https:\/\/acreurope.eu\/da\/derila-ergo-pude\/#primaryimage\"},\"image\":{\"@id\":\"https:\/\/acreurope.eu\/da\/derila-ergo-pude\/#primaryimage\"},\"thumbnailUrl\":\"https:\/\/acreurope.eu\/wp-content\/uploads\/2025\/05\/derila-ergo-kissen.jpg\",\"datePublished\":\"2025-05-24T08:34:18+00:00\",\"dateModified\":\"2025-11-02T13:23:10+00:00\",\"breadcrumb\":{\"@id\":\"https:\/\/acreurope.eu\/da\/derila-ergo-pude\/#breadcrumb\"},\"inLanguage\":\"da-DK\",\"potentialAction\":[{\"@type\":\"ReadAction\",\"target\":[\"https:\/\/acreurope.eu\/da\/derila-ergo-pude\/\"]}]},{\"@type\":\"ImageObject\",\"inLanguage\":\"da-DK\",\"@id\":\"https:\/\/acreurope.eu\/da\/derila-ergo-pude\/#primaryimage\",\"url\":\"https:\/\/acreurope.eu\/wp-content\/uploads\/2025\/05\/derila-ergo-kissen.jpg\",\"contentUrl\":\"https:\/\/acreurope.eu\/wp-content\/uploads\/2025\/05\/derila-ergo-kissen.jpg\"},{\"@type\":\"BreadcrumbList\",\"@id\":\"https:\/\/acreurope.eu\/da\/derila-ergo-pude\/#breadcrumb\",\"itemListElement\":[{\"@type\":\"ListItem\",\"position\":1,\"name\":\"Startseite\",\"item\":\"https:\/\/acreurope.eu\/da\/\"},{\"@type\":\"ListItem\",\"position\":2,\"name\":\"Derila Ergo pude erfaringer &#038; den billigste pris i Danmark\"}]},{\"@type\":\"WebSite\",\"@id\":\"https:\/\/acreurope.eu\/da\/#website\",\"url\":\"https:\/\/acreurope.eu\/da\/\",\"name\":\"acreurope.eu\",\"description\":\"\",\"publisher\":{\"@id\":\"https:\/\/acreurope.eu\/da\/#organization\"},\"potentialAction\":[{\"@type\":\"SearchAction\",\"target\":{\"@type\":\"EntryPoint\",\"urlTemplate\":\"https:\/\/acreurope.eu\/da\/?s={search_term_string}\"},\"query-input\":{\"@type\":\"PropertyValueSpecification\",\"valueRequired\":true,\"valueName\":\"search_term_string\"}}],\"inLanguage\":\"da-DK\"},{\"@type\":\"Organization\",\"@id\":\"https:\/\/acreurope.eu\/da\/#organization\",\"name\":\"acreurope.eu\",\"url\":\"https:\/\/acreurope.eu\/da\/\",\"logo\":{\"@type\":\"ImageObject\",\"inLanguage\":\"da-DK\",\"@id\":\"https:\/\/acreurope.eu\/da\/#\/schema\/logo\/image\/\",\"url\":\"https:\/\/acreurope.eu\/wp-content\/uploads\/2023\/11\/ACReurope.png\",\"contentUrl\":\"https:\/\/acreurope.eu\/wp-content\/uploads\/2023\/11\/ACReurope.png\",\"width\":200,\"height\":198,\"caption\":\"acreurope.eu\"},\"image\":{\"@id\":\"https:\/\/acreurope.eu\/da\/#\/schema\/logo\/image\/\"}},{\"@type\":\"Person\",\"@id\":\"https:\/\/acreurope.eu\/da\/#\/schema\/person\/1cb8475a6d80cee160766e6547fe8d70\",\"name\":\"admin66\",\"image\":{\"@type\":\"ImageObject\",\"inLanguage\":\"da-DK\",\"@id\":\"https:\/\/acreurope.eu\/da\/#\/schema\/person\/image\/\",\"url\":\"https:\/\/secure.gravatar.com\/avatar\/a151f768b74210abe56ee5aedc38ade926286f8dbfb83d1ea65496f4cccd3095?s=96&d=mm&r=g\",\"contentUrl\":\"https:\/\/secure.gravatar.com\/avatar\/a151f768b74210abe56ee5aedc38ade926286f8dbfb83d1ea65496f4cccd3095?s=96&d=mm&r=g\",\"caption\":\"admin66\"},\"sameAs\":[\"http:\/\/acreurope.eu\"]}]}<\/script>\n<!-- \/ Yoast SEO plugin. -->","yoast_head_json":{"title":"Derila Ergo pude erfaringer \u2734\ufe0f 70% rabat","robots":{"index":"index","follow":"follow","max-snippet":"max-snippet:-1","max-image-preview":"max-image-preview:large","max-video-preview":"max-video-preview:-1"},"canonical":"https:\/\/acreurope.eu\/da\/derila-ergo-pude\/","og_locale":"da_DK","og_type":"article","og_title":"Derila Ergo pude erfaringer \u2734\ufe0f 70% rabat","og_description":"Kvaliteten af vores s\u00f8vn afh\u00e6nger i h\u00f8j grad af kroppens biomekaniske position under nattes\u00f8vnen. Hovedpudens st\u00f8tte til hoved, nakke og skuldre spiller her en central rolle. Is\u00e6r sammenh\u00e6ngen mellem en ufysiologisk placering af halshvirvels\u00f8jlen og forekomsten af kroniske lidelser som cervikogen hovedpine, nakkesp\u00e6ndinger eller myofasciale triggerpunkter er dokumenteret i talrige kliniske unders\u00f8gelser. P\u00e5 denne baggrund ... Weiterlesen ...","og_url":"https:\/\/acreurope.eu\/da\/derila-ergo-pude\/","og_site_name":"acreurope.eu","article_published_time":"2025-05-24T08:34:18+00:00","article_modified_time":"2025-11-02T13:23:10+00:00","og_image":[{"width":800,"height":760,"url":"https:\/\/acreurope.eu\/wp-content\/uploads\/2025\/05\/derila-ergo-kissen.jpg","type":"image\/jpeg"}],"author":"admin66","twitter_card":"summary_large_image","twitter_misc":{"Skrevet af":"admin66","Estimeret l\u00e6setid":"9 minutter"},"schema":{"@context":"https:\/\/schema.org","@graph":[{"@type":"Article","@id":"https:\/\/acreurope.eu\/da\/derila-ergo-pude\/#article","isPartOf":{"@id":"https:\/\/acreurope.eu\/da\/derila-ergo-pude\/"},"author":{"name":"admin66","@id":"https:\/\/acreurope.eu\/da\/#\/schema\/person\/1cb8475a6d80cee160766e6547fe8d70"},"headline":"Derila Ergo pude erfaringer &#038; den billigste pris i Danmark","datePublished":"2025-05-24T08:34:18+00:00","dateModified":"2025-11-02T13:23:10+00:00","mainEntityOfPage":{"@id":"https:\/\/acreurope.eu\/da\/derila-ergo-pude\/"},"wordCount":1950,"publisher":{"@id":"https:\/\/acreurope.eu\/da\/#organization"},"image":{"@id":"https:\/\/acreurope.eu\/da\/derila-ergo-pude\/#primaryimage"},"thumbnailUrl":"https:\/\/acreurope.eu\/wp-content\/uploads\/2025\/05\/derila-ergo-kissen.jpg","articleSection":["Uncategorized @da"],"inLanguage":"da-DK"},{"@type":"WebPage","@id":"https:\/\/acreurope.eu\/da\/derila-ergo-pude\/","url":"https:\/\/acreurope.eu\/da\/derila-ergo-pude\/","name":"Derila Ergo pude erfaringer \u2734\ufe0f 70% rabat","isPartOf":{"@id":"https:\/\/acreurope.eu\/da\/#website"},"primaryImageOfPage":{"@id":"https:\/\/acreurope.eu\/da\/derila-ergo-pude\/#primaryimage"},"image":{"@id":"https:\/\/acreurope.eu\/da\/derila-ergo-pude\/#primaryimage"},"thumbnailUrl":"https:\/\/acreurope.eu\/wp-content\/uploads\/2025\/05\/derila-ergo-kissen.jpg","datePublished":"2025-05-24T08:34:18+00:00","dateModified":"2025-11-02T13:23:10+00:00","breadcrumb":{"@id":"https:\/\/acreurope.eu\/da\/derila-ergo-pude\/#breadcrumb"},"inLanguage":"da-DK","potentialAction":[{"@type":"ReadAction","target":["https:\/\/acreurope.eu\/da\/derila-ergo-pude\/"]}]},{"@type":"ImageObject","inLanguage":"da-DK","@id":"https:\/\/acreurope.eu\/da\/derila-ergo-pude\/#primaryimage","url":"https:\/\/acreurope.eu\/wp-content\/uploads\/2025\/05\/derila-ergo-kissen.jpg","contentUrl":"https:\/\/acreurope.eu\/wp-content\/uploads\/2025\/05\/derila-ergo-kissen.jpg"},{"@type":"BreadcrumbList","@id":"https:\/\/acreurope.eu\/da\/derila-ergo-pude\/#breadcrumb","itemListElement":[{"@type":"ListItem","position":1,"name":"Startseite","item":"https:\/\/acreurope.eu\/da\/"},{"@type":"ListItem","position":2,"name":"Derila Ergo pude erfaringer &#038; den billigste pris i Danmark"}]},{"@type":"WebSite","@id":"https:\/\/acreurope.eu\/da\/#website","url":"https:\/\/acreurope.eu\/da\/","name":"acreurope.eu","description":"","publisher":{"@id":"https:\/\/acreurope.eu\/da\/#organization"},"potentialAction":[{"@type":"SearchAction","target":{"@type":"EntryPoint","urlTemplate":"https:\/\/acreurope.eu\/da\/?s={search_term_string}"},"query-input":{"@type":"PropertyValueSpecification","valueRequired":true,"valueName":"search_term_string"}}],"inLanguage":"da-DK"},{"@type":"Organization","@id":"https:\/\/acreurope.eu\/da\/#organization","name":"acreurope.eu","url":"https:\/\/acreurope.eu\/da\/","logo":{"@type":"ImageObject","inLanguage":"da-DK","@id":"https:\/\/acreurope.eu\/da\/#\/schema\/logo\/image\/","url":"https:\/\/acreurope.eu\/wp-content\/uploads\/2023\/11\/ACReurope.png","contentUrl":"https:\/\/acreurope.eu\/wp-content\/uploads\/2023\/11\/ACReurope.png","width":200,"height":198,"caption":"acreurope.eu"},"image":{"@id":"https:\/\/acreurope.eu\/da\/#\/schema\/logo\/image\/"}},{"@type":"Person","@id":"https:\/\/acreurope.eu\/da\/#\/schema\/person\/1cb8475a6d80cee160766e6547fe8d70","name":"admin66","image":{"@type":"ImageObject","inLanguage":"da-DK","@id":"https:\/\/acreurope.eu\/da\/#\/schema\/person\/image\/","url":"https:\/\/secure.gravatar.com\/avatar\/a151f768b74210abe56ee5aedc38ade926286f8dbfb83d1ea65496f4cccd3095?s=96&d=mm&r=g","contentUrl":"https:\/\/secure.gravatar.com\/avatar\/a151f768b74210abe56ee5aedc38ade926286f8dbfb83d1ea65496f4cccd3095?s=96&d=mm&r=g","caption":"admin66"},"sameAs":["http:\/\/acreurope.eu"]}]}},"_links":{"self":[{"href":"https:\/\/acreurope.eu\/da\/wp-json\/wp\/v2\/posts\/1329","targetHints":{"allow":["GET"]}}],"collection":[{"href":"https:\/\/acreurope.eu\/da\/wp-json\/wp\/v2\/posts"}],"about":[{"href":"https:\/\/acreurope.eu\/da\/wp-json\/wp\/v2\/types\/post"}],"author":[{"embeddable":true,"href":"https:\/\/acreurope.eu\/da\/wp-json\/wp\/v2\/users\/1"}],"replies":[{"embeddable":true,"href":"https:\/\/acreurope.eu\/da\/wp-json\/wp\/v2\/comments?post=1329"}],"version-history":[{"count":2,"href":"https:\/\/acreurope.eu\/da\/wp-json\/wp\/v2\/posts\/1329\/revisions"}],"predecessor-version":[{"id":1334,"href":"https:\/\/acreurope.eu\/da\/wp-json\/wp\/v2\/posts\/1329\/revisions\/1334"}],"wp:attachment":[{"href":"https:\/\/acreurope.eu\/da\/wp-json\/wp\/v2\/media?parent=1329"}],"wp:term":[{"taxonomy":"category","embeddable":true,"href":"https:\/\/acreurope.eu\/da\/wp-json\/wp\/v2\/categories?post=1329"},{"taxonomy":"post_tag","embeddable":true,"href":"https:\/\/acreurope.eu\/da\/wp-json\/wp\/v2\/tags?post=1329"}],"curies":[{"name":"wp","href":"https:\/\/api.w.org\/{rel}","templated":true}]}}