{"id":1343,"date":"2025-05-24T10:34:18","date_gmt":"2025-05-24T08:34:18","guid":{"rendered":"https:\/\/acreurope.eu\/?p=1343"},"modified":"2025-11-02T15:15:39","modified_gmt":"2025-11-02T14:15:39","slug":"derila-ergo-kudde","status":"publish","type":"post","link":"https:\/\/acreurope.eu\/sv\/derila-ergo-kudde\/","title":{"rendered":"Derila Ergo-kudde erfarenheter &#038; recensioner &#8211; L\u00e4gsta pris i Sverige"},"content":{"rendered":"<p><img loading=\"lazy\" decoding=\"async\" class=\"aligncenter size-full wp-image-1041\" src=\"https:\/\/acreurope.eu\/wp-content\/uploads\/2025\/05\/derila-ergo-kissen.jpg\" alt=\"derila ergo kissen\" width=\"800\" height=\"760\" srcset=\"https:\/\/acreurope.eu\/wp-content\/uploads\/2025\/05\/derila-ergo-kissen.jpg 800w, https:\/\/acreurope.eu\/wp-content\/uploads\/2025\/05\/derila-ergo-kissen-300x285.jpg 300w, https:\/\/acreurope.eu\/wp-content\/uploads\/2025\/05\/derila-ergo-kissen-768x730.jpg 768w\" sizes=\"auto, (max-width: 800px) 100vw, 800px\" \/><\/p>\n<p><strong>Kvaliteten p\u00e5 v\u00e5r s\u00f6mn beror i h\u00f6g grad p\u00e5 kroppens biomekaniska position under natten. Huvudkudden spelar en central roll n\u00e4r det g\u00e4ller att ge st\u00f6d \u00e5t huvud, nacke och axlar. S\u00e4rskilt sambandet mellan en onaturlig position f\u00f6r halskotpelaren och uppkomsten av kroniska besv\u00e4r som cervikogen huvudv\u00e4rk, nackstyvhet eller myofasciella triggerpunkter har bevisats i ett flertal kliniska studier. Mot denna bakgrund \u00e4r valet av ett ergonomiskt optimerat kudde inte bara ett subjektivt komfortkriterium, utan en viktig aspekt av f\u00f6rebyggande s\u00f6mnmedicin.<\/strong><\/p>\n<div class=\"sue-section\" data-url=\"\" data-target=\"blank\" style=\"margin:0px 0px 0px 0px;border-top:2px dashed #F75A00;border-bottom:2px dashed #F75A00\"><div class=\"sue-section-background\" style=\"background-color:#f3f3f3;background-position:left top;background-size:cover;\"><\/div><div class=\"sue-section-content sue-content-wrap\" style=\"padding:30px 0px 30px 0px;max-width:960px;text-align:left;color:#333333;text-shadow:0px 1px 10px #ffffff\">\n<div class=\"sue-icon-text\" data-url=\"\" data-target=\"self\" style=\"min-height:64px;padding-left:81px;color:#333333\"><div class=\"sue-icon-text-icon\" style=\"color:#008b02;font-size:54px;width:54px;height:54px\"><i class=\"sui sui-thumbs-up\" style=\"font-size:54px;color:#008b02\"><\/i><\/div><div class=\"sue-icon-text-content sue-content-wrap\" style=\"color:#333333\"><big><strong>TOP ergonomiskt sovkudde 2025 (testvinnare)<\/strong><\/big><br \/>\nNu med 70 % rabatt <a href=\"https:\/\/acreurope.eu\/go\/derilaergo-se\" target=\"_blank\" rel=\"nofollow noopener\">finns att k\u00f6pa i den officiella butiken<\/a><\/div><div style=\"clear:both;height:0\"><\/div><\/div>\n<\/div><\/div>\n<p>&nbsp;<\/p>\n<p><strong>Derila Ergo-kudden<\/strong> marknadsf\u00f6rs som en ortopedisk nackst\u00f6dskudde med ergonomisk fj\u00e4rilsform. Syftet med denna vetenskapligt grundade analys \u00e4r att unders\u00f6ka produkten ur ett differentierat perspektiv med avseende p\u00e5 dess fysiologiska verkan, materialtekniska egenskaper, anv\u00e4ndningsomr\u00e5de och potentiella h\u00e4lsoeffekter. Bed\u00f6mningen baseras b\u00e5de p\u00e5 s\u00f6mnmedicinska, biomekaniska och ergonomiska parametrar samt p\u00e5 produktens praktiska anv\u00e4ndbarhet i vardagen.<\/p>\n<p><a href=\"https:\/\/acreurope.eu\/go\/derilaergo-se\" target=\"_blank\" rel=\"nofollow noopener\"><img loading=\"lazy\" decoding=\"async\" class=\"aligncenter size-full wp-image-1066\" src=\"https:\/\/acreurope.eu\/wp-content\/uploads\/2025\/05\/derila-ergo-test.jpg\" alt=\"derila ergo test\" width=\"700\" height=\"635\" srcset=\"https:\/\/acreurope.eu\/wp-content\/uploads\/2025\/05\/derila-ergo-test.jpg 700w, https:\/\/acreurope.eu\/wp-content\/uploads\/2025\/05\/derila-ergo-test-300x272.jpg 300w\" sizes=\"auto, (max-width: 700px) 100vw, 700px\" \/><\/a><\/p>\n<table>\n<thead>\n<tr>\n<th>\u2705 <strong>F\u00f6rdel<\/strong><\/th>\n<th>\ud83d\udcdd <strong>Beskrivning<\/strong><\/th>\n<\/tr>\n<\/thead>\n<tbody>\n<tr>\n<td>\ud83e\udde0 Ergonomisk design<\/td>\n<td>St\u00f6der den naturliga positionen f\u00f6r huvud, nacke och ryggrad<\/td>\n<\/tr>\n<tr>\n<td>\ud83d\udc86\u200d\u2642\ufe0f Avslappning f\u00f6r nacke och axlar<\/td>\n<td>Lindrar muskelsp\u00e4nningar och fr\u00e4mjar en regenerativ s\u00f6mnposition<\/td>\n<\/tr>\n<tr>\n<td>\ud83d\udecf\ufe0f L\u00e4mplig f\u00f6r alla sovst\u00e4llningar<\/td>\n<td>Oavsett om du sover p\u00e5 sidan, rygg eller mage \u2013 kudden anpassar sig individuellt<\/td>\n<\/tr>\n<tr>\n<td>\ud83c\udf2c\ufe0f Andningsaktivt minnesskum<\/td>\n<td>Fr\u00e4mjar ett svalt och torrt sovklimat<\/td>\n<\/tr>\n<tr>\n<td>\ud83e\uddfd Tv\u00e4ttbart, allergiv\u00e4nligt \u00f6verdrag<\/td>\n<td>Hygieniskt och perfekt f\u00f6r allergiker<\/td>\n<\/tr>\n<tr>\n<td>\ud83e\udeb6 Tryckavlastande och formstabilt<\/td>\n<td>F\u00f6rdela vikten j\u00e4mnt, f\u00f6rhindrar trycktoppar<\/td>\n<\/tr>\n<tr>\n<td>\ud83e\uddf3 Kompakt och l\u00e4mplig f\u00f6r resor<\/td>\n<td>Perfekt \u00e4ven f\u00f6r resor, t.ex. i bil eller flygplan<\/td>\n<\/tr>\n<tr>\n<td>\ud83d\udd01 Kan anv\u00e4ndas p\u00e5 b\u00e5da sidor<\/td>\n<td>J\u00e4mn slitage, f\u00f6rl\u00e4nger livsl\u00e4ngden<\/td>\n<\/tr>\n<tr>\n<td>\ud83e\uddec Medicinskt inspirerad produkt<\/td>\n<td>Baserad p\u00e5 s\u00f6mnmedicinska och ortopediska r\u00f6n<\/td>\n<\/tr>\n<tr>\n<td>\ud83c\udf31 H\u00e5llbar och resurssn\u00e5l<\/td>\n<td>H\u00f6g materialkvalitet minskar behovet av nya ink\u00f6p och avfall<\/td>\n<\/tr>\n<\/tbody>\n<\/table>\n<p>&nbsp;<\/p>\n<p>&nbsp;<\/p>\n<div class=\"sue-section\" data-url=\"\" data-target=\"blank\" style=\"margin:0px 0px 0px 0px;border-top:2px dashed #F75A00;border-bottom:2px dashed #F75A00\"><div class=\"sue-section-background\" style=\"background-color:#fdfdfd;background-position:left top;background-size:cover;\"><\/div><div class=\"sue-section-content sue-content-wrap\" style=\"padding:30px 0px 30px 0px;max-width:960px;text-align:left;color:#333333;text-shadow:0 1px 10px #ffffff\">\n<h2>Best\u00e4ll DERILA ERGO<\/h2>\n<p><strong>S\u00e4kra en rabatt p\u00e5 70 % under en begr\u00e4nsad tid p\u00e5 den officiella webbplatsen:<\/strong><\/p>\n<p>&nbsp;<\/p>\n<div class=\"su-button-center\"><a href=\"https:\/\/acreurope.eu\/go\/derilaergo-se\" class=\"su-button su-button-style-glass\" style=\"color:#FFFFFF;background-color:#00980a;border-color:#007a08;border-radius:9px\" target=\"_blank\" rel=\"nofollow\"><span style=\"color:#FFFFFF;padding:8px 24px;font-size:18px;line-height:27px;border-color:#4db754;border-radius:9px;text-shadow:none\"><i class=\"sui sui-caret-right\" style=\"font-size:18px;color:#FFFFFF\"><\/i> <strong>Best\u00e4ll DERILA ERGO<\/strong><br \/>\nF\u00e5 70 % rabatt idag<\/span><\/a><\/div>\n<p>&nbsp;<\/p>\n<\/div><\/div>\n\n<p>&nbsp;<\/p>\n<h2>Kapitel 1: Derila Ergo erfarenheter: Anatomiska och biomekaniska grunder f\u00f6r nackens positionering<\/h2>\n<p>Halsryggen (HWS) best\u00e5r av sju ryggkotor (C1\u2013C7) som har b\u00e5de en b\u00e4rande och en mobiliserande funktion. Att uppr\u00e4tth\u00e5lla en fysiologisk lordos i ryggl\u00e4ge och en neutral, sidoriktad inriktning i sidol\u00e4ge \u00e4r viktigt f\u00f6r muskelavslappning under natten, regenerering av diskarna och f\u00f6r att undvika asymmetrisk muskelsp\u00e4nning.<\/p>\n<p>Ett ol\u00e4mpligt kudde \u2013 f\u00f6r mjukt, f\u00f6r h\u00e5rt, f\u00f6r platt eller f\u00f6r volumin\u00f6st \u2013 kan tvinga HWS ur sin neutrala position. Den resulterande hyperlordosen eller laterala flexionen leder till patologisk \u00f6kning av muskeltonus i omr\u00e5det kring musculus trapezius, levator scapulae och suboccipitala muskulaturen. P\u00e5 l\u00e5ng sikt kan detta leda till funktionell huvudv\u00e4rk, vertebrala yrselbesv\u00e4r och till och med cervikogen migr\u00e4n.<\/p>\n<p>Det perfekta kudden m\u00e5ste d\u00e4rf\u00f6r:<\/p>\n<ul>\n<li>St\u00f6dja den fysiologiska kurvan i halskotpelaren i ryggl\u00e4ge<\/li>\n<li>H\u00e5lla den axiella linjen mellan huvudet och ryggraden neutral i sidol\u00e4ge<\/li>\n<li>Minimera tryckpunkter och s\u00e4kerst\u00e4lla en j\u00e4mn belastningsf\u00f6rdelning p\u00e5 axelpartiet och huvudet<\/li>\n<li>Ha en v\u00e4rmereglerande, andningsaktiv funktion<\/li>\n<\/ul>\n<h2>Kapitel 2: Derila Ergo-test: S\u00e4ngkuddens konstruktion och material i detalj<\/h2>\n<p>Derila Ergo-kudden best\u00e5r av h\u00f6gdensitets viskoelastiskt skum (memory foam), ett material som mjuknar under p\u00e5verkan av temperatur och anpassar sig exakt efter kroppens konturer. Denna egenskap beror p\u00e5 skumstrukturens \u00f6ppna porer, som m\u00f6jligg\u00f6r en l\u00e5ngsam \u00e5terg\u00e5ng.<\/p>\n<p>S\u00e4rskilda egenskaper i konstruktionen:<\/p>\n<ul>\n<li><strong>Fj\u00e4rilsform med cervikal f\u00f6rdjupning<\/strong>: Den centrala f\u00f6rdjupningen \u00e4r avsedd f\u00f6r bakhuvudet, de upph\u00f6jda kanterna st\u00f6der halskotpelaren i sidled.<\/li>\n<li><strong>Sidost\u00f6d f\u00f6r armarna<\/strong>: Dessa avlastar axlarna \u00e4ven i sidol\u00e4ge genom att f\u00f6rhindra att armen sjunker ned.<\/li>\n<li><strong>Antibakteriellt och tv\u00e4ttbart \u00f6rngott<\/strong>: Tillverkat av allergiv\u00e4nligt, andningsbart material med mikrofiberandel, bidrar \u00f6rngottet till en torr s\u00f6mnmilj\u00f6 och h\u00e4mmar tillv\u00e4xten av kvalster.<\/li>\n<\/ul>\n<p>Det anv\u00e4nda skummaterialet har en medelh\u00f6g densitet p\u00e5 cirka 45\u201355 kg\/m\u00b3. Detta ger en bra balans mellan stabilitet och anpassningsf\u00f6rm\u00e5ga. J\u00e4mf\u00f6rt med standardskumkuddar (densitet 20\u201330 kg\/m\u00b3) ger detta en f\u00f6rb\u00e4ttrad formstabilitet under flera \u00e5r \u2013 en avg\u00f6rande kvalitetskarakteristik f\u00f6r ortopediska produkter.<\/p>\n<h2>Kapitel 3: Anv\u00e4ndning och anpassningsf\u00f6rm\u00e5ga \u2013 ett flerdimensionellt liggkoncept<\/h2>\n<h3>3.1 Ryggl\u00e4ge<\/h3>\n<p>I ryggl\u00e4ge st\u00f6ds huvudet mjukt av den centrala f\u00f6rdjupningen utan att hakan trycks mot br\u00f6stet (undviker cervikal flexion). De upph\u00f6jda kanterna i axelh\u00f6jd f\u00f6rhindrar att halsryggen b\u00f6js bak\u00e5t. Detta leder till en fullst\u00e4ndig avslappning av de paraspinala musklerna i nackomr\u00e5det, vilket \u00e4r kliniskt relevant s\u00e4rskilt f\u00f6r patienter med cervikogen yrsel eller cervikobrachialgi.<\/p>\n<h3>3.2 Sidol\u00e4ge<\/h3>\n<p>I sidol\u00e4ge fyller kudden helt ut mellanrummet mellan axeln och huvudet. De ergonomiskt formade sidovingarna f\u00f6rhindrar att huvudet tippar \u00e5t sidan eller att axeln rullar in. Den axiella linjen mellan pannan, n\u00e4san, hakan och br\u00f6stbenet bibeh\u00e5lls p\u00e5 s\u00e5 s\u00e4tt. Axeln kan sjunka ner i den laterala f\u00f6rdjupningen utan att orsaka tryckpunkter. Detta \u00e4r avg\u00f6rande f\u00f6r personer med tendinopatier i axelomr\u00e5det eller thoracic outlet-syndrom.<\/p>\n<h3>3.3 Magl\u00e4ge<\/h3>\n<p>\u00c4ven om magl\u00e4ge anses vara suboptimalt ur s\u00f6mnmedicinsk synvinkel, m\u00f6jligg\u00f6r den plattare pannpartiet p\u00e5 Derila Ergo nackkudde \u00e4ven i denna position en relativt tryckfri liggst\u00e4llning med fri n\u00e4sandning, utan att halskotpelaren tvingas till maximal rotation.<\/p>\n<h2>Kapitel 4: Termoreglering och hygieniska egenskaper<\/h2>\n<p>Ett vanligt problem med konventionella kuddar \u00e4r att de samlar v\u00e4rme och fukt under natten. Memory-skummet som anv\u00e4nds i Derila Ergo-kudden har en \u00f6ppen porig cellstruktur som effektivt leder bort fukt och till\u00e5ter luftcirkulation. Detta skapar ett svalare och torrare sovklimat \u2013 en betydande f\u00f6rdel f\u00f6r personer med \u00f6verdriven nattlig svettning eller klimatrelaterade s\u00f6mnst\u00f6rningar.<\/p>\n<p>\u00d6verdraget \u00e4r avtagbart och kan tv\u00e4ttas i maskin vid 30 \u00b0C. Tack vare sin allergiv\u00e4nliga sammans\u00e4ttning \u00e4r det \u00e4ven l\u00e4mpligt f\u00f6r allergiker. Textilens antibakteriella behandling h\u00e4mmar spridningen av husdammskvalster, vilket \u00e4r ett s\u00e4rskilt viktigt k\u00f6pkriterium f\u00f6r personer med allergisk rinit eller atopiskt eksem.<\/p>\n<p>&nbsp;<\/p>\n<div class=\"su-button-center\"><a href=\"https:\/\/acreurope.eu\/go\/derilaergo-se\" class=\"su-button su-button-style-glass\" style=\"color:#FFFFFF;background-color:#00980a;border-color:#007a08;border-radius:9px\" target=\"_blank\" rel=\"nofollow\"><span style=\"color:#FFFFFF;padding:8px 24px;font-size:18px;line-height:27px;border-color:#4db754;border-radius:9px;text-shadow:none\"><i class=\"sui sui-caret-right\" style=\"font-size:18px;color:#FFFFFF\"><\/i> <strong>Best\u00e4ll DERILA ERGO<\/strong><br \/>\nF\u00e5 70 % rabatt idag <\/span><\/a><\/div>\n<p>&nbsp;<\/p>\n<h2>Kapitel 5: J\u00e4mf\u00f6rande analys \u2013 Derila i j\u00e4mf\u00f6relse med vanliga kuddmodeller<\/h2>\n<p>F\u00f6r att objektivt kunna klassificera Derila-kuddens ergonomiska prestanda kr\u00e4vs en j\u00e4mf\u00f6relse med andra kuddtyper som finns p\u00e5 marknaden. De viktigaste kategorierna omfattar:<\/p>\n<p><strong>1. Standardmjuka kuddar med polyesterfyllning<\/strong><br \/>\nDessa modeller k\u00e4nnetecknas av h\u00f6g formbarhet, men bristande st\u00f6dkraft. De tenderar att bilda tryckpunkter och ger inget riktat st\u00f6d f\u00f6r halskotpelaren. Liggr\u00e4cket \u00e4r instabilt, vilket s\u00e4rskilt i sid- och ryggl\u00e4ge kan leda till h\u00e5llningsskador.<\/p>\n<p><strong>2. Latexkuddar<\/strong><br \/>\nKuddar av naturlatex \u00e4r visserligen formstabila och allergiv\u00e4nliga, men har s\u00e4mre anpassningsf\u00f6rm\u00e5ga \u00e4n minnesskum. H\u00e5rdhetsgraden \u00e4r ofta h\u00f6gre, vilket kan orsaka tryckbesv\u00e4r hos k\u00e4nsliga sovare. Dessutom \u00e4r latexkuddar tyngre och mindre flexibla.<\/p>\n<p><strong>3. Gelskumkuddar<\/strong><br \/>\nDessa kuddar har goda temperaturreglerande egenskaper och liknande viskoelastiska strukturer som minnesskum. Nackdelen \u00e4r ofta bristande formdjup och avsaknad av ergonomisk struktur \u2013 m\u00e5nga modeller \u00e4r rektangul\u00e4ra och har ingen nackgrop.<\/p>\n<p><strong>4. Ergonomiskt formade minneskuddar (t.ex. Tempur, Emma, Casper)<\/strong><br \/>\nDessa produkter erbjuder en j\u00e4mf\u00f6rbar ortopedisk kvalitet som Derila Ergo-kudden, men \u00e4r ofta st\u00f6rre, h\u00e5rdare eller betydligt dyrare. Vissa har en ensidig anv\u00e4ndbarhet, medan Derila kan anv\u00e4ndas p\u00e5 b\u00e5da sidor tack vare sin symmetriska fj\u00e4rilsform.<\/p>\n<p><strong>Slutsats av j\u00e4mf\u00f6relseanalysen:<\/strong><br \/>\nDerila Ergo-kudden intar en mellanposition i detta spektrum: Den kombinerar den ortopediska funktionen hos en premium-minneskudde med en anv\u00e4ndarv\u00e4nlig, flexibel design och ligger samtidigt i mellansegmentet prism\u00e4ssigt. I vardagen \u00f6vertygar den s\u00e4rskilt genom sin m\u00e5ngsidiga anv\u00e4ndbarhet f\u00f6r alla sovst\u00e4llningar samt sin kompakta form, som ocks\u00e5 \u00e4r praktisk p\u00e5 resor.<\/p>\n<h2>Kapitel 6: Anv\u00e4ndningsrelevans f\u00f6r s\u00e4rskilda m\u00e5lgrupper<\/h2>\n<h3>6.1 Kontorsarbetare och personer med sittande arbete<\/h3>\n<p>Personer som tillbringar st\u00f6rre delen av dagen sittande \u2013 s\u00e4rskilt vid bildsk\u00e4rmar \u2013 lider ofta av muskul\u00e4r obalans i axel- och nackomr\u00e5det. Derila Ergo-kudden kan fungera som en s\u00f6mnmedicinsk kompensations\u00e5tg\u00e4rd genom att slappna av de f\u00f6rkortade ventrala musklerna (t.ex. sternocleidomastoideus) och avlasta de toniskt \u00f6verbelastade nackmusklerna. Detta skapar en viktig regenereringsfas under s\u00f6mnen.<\/p>\n<h3>6.2 \u00c4ldre<\/h3>\n<p>Med stigande \u00e5lder minskar elasticiteten i diskarna, muskulaturen f\u00f6rlorar tonus, medan artrosf\u00f6r\u00e4ndringar \u00f6kar. I denna befolkningsgrupp \u00e4r en stabil, anatomiskt korrekt liggst\u00e4llning s\u00e4rskilt avg\u00f6rande. Genom sin tryckavlastande effekt och anatomiska form kan Derila Ergo-kudden bidra till att bromsa degenerativa processer i halsryggen och minska nattliga besv\u00e4r.<\/p>\n<h3>6.3 Sm\u00e4rtpatienter<\/h3>\n<p>Patienter med kronisk sm\u00e4rta i halsryggen har visat sig ha nytta av riktad liggst\u00e4llningsterapi. S\u00f6mnstudier har visat att ortopediskt formade nackst\u00f6dskuddar har en positiv inverkan p\u00e5 b\u00e5de s\u00f6mnkvaliteten och sm\u00e4rtintensiteten. Derila Ergo-kudden \u00e4r ett kostnadseffektivt, icke-invasivt s\u00e4tt att f\u00f6rb\u00e4ttra s\u00f6mnpositionen p\u00e5 natten.<\/p>\n<h3>6.4 Sportaktiva personer<\/h3>\n<p>Idrottare, s\u00e4rskilt inom crossfit, simning, kampsport eller styrketr\u00e4ning, belastar ofta nackmuskulaturen ensidigt. Under \u00e5terh\u00e4mtningen spelar sovst\u00e4llningen en avg\u00f6rande roll f\u00f6r muskel\u00e5terh\u00e4mtning och f\u00f6rebyggande av skador. Derila Ergo-kudden kan h\u00e4r erbjuda ett optimalt st\u00f6d utan att komprimera musklerna i skulderg\u00f6rdeln.<\/p>\n<h2>Kapitel 7: L\u00e5ngsiktiga egenskaper, h\u00e5llbarhet och ekologiska aspekter<\/h2>\n<h3>7.1 Formstabilitet och anv\u00e4ndning under l\u00e4ngre perioder<\/h3>\n<p>Den viskoelastiska k\u00e4rnan i Derila Ergo-kudden uppvisar en h\u00f6g \u00e5terfj\u00e4drande kraft \u00e4ven efter flera m\u00e5naders daglig anv\u00e4ndning. Formen f\u00f6rblir stabil utan att h\u00e5rdna eller sjunka ihop. Detta \u00e4r en klar f\u00f6rdel j\u00e4mf\u00f6rt med billigare minnesskumkuddar, som f\u00f6rlorar sin struktur vid stark belastning.<\/p>\n<p>Unders\u00f6kningar av j\u00e4mf\u00f6rbara skummaterial visar att kvalitetsf\u00f6rlusten oftast upptr\u00e4der f\u00f6rst efter 24\u201336 m\u00e5nader \u2013 en tidsperiod som ocks\u00e5 kan f\u00f6rv\u00e4ntas f\u00f6r Derila Ergo-produkten. Regelbunden rotation (anv\u00e4ndning av b\u00e5da sidorna) f\u00f6rl\u00e4nger dessutom livsl\u00e4ngden.<\/p>\n<h3>7.2 Tv\u00e4ttbarhet och hygien<\/h3>\n<p>\u00d6verdraget \u00e4r tv\u00e4ttbart i maskin och torkar snabbt. Eftersom minnesskummet i sig inte f\u00e5r tv\u00e4ttas rekommenderas ett tv\u00e4ttbart skydds\u00f6verdrag (finns som tillval). Tack vare de allergiv\u00e4nliga materialen \u00e4r produkten \u00e4ven l\u00e4mplig f\u00f6r allergiker utan att man beh\u00f6ver k\u00f6pa separata allergivenliga \u00f6verdrag.<\/p>\n<h3>7.3 H\u00e5llbarhet<\/h3>\n<p>\u00c4ven om minnesskum inte \u00e4r ett naturmaterial, \u00f6vertygar Derila-kudden med sin l\u00e5nga livsl\u00e4ngd och reducerade f\u00f6rpackning. Transporten sker rullat f\u00f6r att spara utrymme, vilket minskar utsl\u00e4ppen vid frakt. N\u00e4r det g\u00e4ller \u00e5tervinningsbarhet b\u00f6r det noteras att skummet f\u00f6r n\u00e4rvarande inte \u00e4r helt biologiskt nedbrytbart, men det kan \u00e5tervinnas termiskt.<\/p>\n<figure id=\"attachment_1054\" aria-describedby=\"caption-attachment-1054\" style=\"width: 690px\" class=\"wp-caption aligncenter\"><a href=\"https:\/\/acreurope.eu\/go\/derilaergo-se\" target=\"_blank\" rel=\"nofollow noopener\"><img loading=\"lazy\" decoding=\"async\" class=\"wp-image-1054 size-full\" src=\"https:\/\/acreurope.eu\/wp-content\/uploads\/2025\/05\/derila-ergo-erfahrungen.jpg\" alt=\"derila ergo erfahrungen\" width=\"700\" height=\"683\" srcset=\"https:\/\/acreurope.eu\/wp-content\/uploads\/2025\/05\/derila-ergo-erfahrungen.jpg 700w, https:\/\/acreurope.eu\/wp-content\/uploads\/2025\/05\/derila-ergo-erfahrungen-300x293.jpg 300w\" sizes=\"auto, (max-width: 700px) 100vw, 700px\" \/><\/a><figcaption id=\"caption-attachment-1054\" class=\"wp-caption-text\">Det gamla Derila-kudden<\/figcaption><\/figure>\n<h2>Kapitel 8: Sammanfattning \u2013 Vetenskaplig helhetsbed\u00f6mning<\/h2>\n<p>Derila Ergo-kudden \u00e4r en genomt\u00e4nkt, funktionell och v\u00e4lgjord s\u00f6mnprodukt som uppfyller g\u00e4llande standarder inom ortopedi och s\u00f6mnhygien. Kombinationen av formminneskum, ergonomisk design och bred anv\u00e4ndningsspektrum g\u00f6r att den kan anv\u00e4ndas p\u00e5 m\u00e5nga olika s\u00e4tt av olika m\u00e5lgrupper. Oavsett om det g\u00e4ller kroniska besv\u00e4r, f\u00f6rebyggande av sp\u00e4nningar eller allm\u00e4n f\u00f6rb\u00e4ttring av s\u00f6mnkvaliteten \u2013 kudden erbjuder vetenskapligt belagda f\u00f6rdelar.<\/p>\n<p>N\u00e4r det g\u00e4ller materialkvalitet, ortopedisk funktion och l\u00e4mplighet f\u00f6r vardagsbruk \u00e4r helhetsintrycket mycket positivt. Derila-kudden \u00e4r inte ett livsstilsaccessoar, utan en seri\u00f6s, medicinskt inspirerad produkt f\u00f6r m\u00e4nniskor som ser s\u00f6mnen som en h\u00e4lsoresurs. Det kan anv\u00e4ndas b\u00e5de f\u00f6rebyggande och som komplement till behandling.<\/p>\n<p><strong>Rekommendation:<\/strong> F\u00f6r alla som lider av orolig s\u00f6mn, nacksm\u00e4rta eller muskelsp\u00e4nningar \u2013 eller vill f\u00f6rebygga detta \u2013 \u00e4r Derila Ergo-kudden en meningsfull och l\u00f6nsam investering.<\/p>\n<div class=\"su-button-center\"><a href=\"https:\/\/acreurope.eu\/go\/derilaergo-se\" class=\"su-button su-button-style-glass\" style=\"color:#FFFFFF;background-color:#00980a;border-color:#007a08;border-radius:9px\" target=\"_blank\" rel=\"nofollow\"><span style=\"color:#FFFFFF;padding:8px 24px;font-size:18px;line-height:27px;border-color:#4db754;border-radius:9px;text-shadow:none\"><i class=\"sui sui-caret-right\" style=\"font-size:18px;color:#FFFFFF\"><\/i> <strong>Best\u00e4ll DERILA ERGO<\/strong><br \/>\nF\u00e5 70 % rabatt idag<\/span><\/a><\/div>\n","protected":false},"excerpt":{"rendered":"<p>Kvaliteten p\u00e5 v\u00e5r s\u00f6mn beror i h\u00f6g grad p\u00e5 kroppens biomekaniska position under natten. Huvudkudden spelar en central roll n\u00e4r det g\u00e4ller att ge st\u00f6d \u00e5t huvud, nacke och axlar. S\u00e4rskilt sambandet mellan en onaturlig position f\u00f6r halskotpelaren och uppkomsten av kroniska besv\u00e4r som cervikogen huvudv\u00e4rk, nackstyvhet eller myofasciella triggerpunkter har bevisats i ett flertal &#8230; <a title=\"Derila Ergo-kudde erfarenheter &#038; recensioner &#8211; L\u00e4gsta pris i Sverige\" class=\"read-more\" href=\"https:\/\/acreurope.eu\/sv\/derila-ergo-kudde\/\" aria-label=\"L\u00e4s mer om Derila Ergo-kudde erfarenheter &#038; recensioner &#8211; L\u00e4gsta pris i Sverige\">Weiterlesen &#8230;<\/a><\/p>\n","protected":false},"author":1,"featured_media":0,"comment_status":"closed","ping_status":"closed","sticky":false,"template":"","format":"standard","meta":{"footnotes":""},"categories":[17],"tags":[],"class_list":["post-1343","post","type-post","status-publish","format-standard","hentry","category-okategoriserad"],"yoast_head":"<!-- This site is optimized with the Yoast SEO plugin v25.8 - https:\/\/yoast.com\/wordpress\/plugins\/seo\/ -->\n<title>Derila Ergo-kudde erfarenheter \u2734\ufe0f 70 % rabatt<\/title>\n<meta name=\"robots\" content=\"index, follow, max-snippet:-1, max-image-preview:large, max-video-preview:-1\" \/>\n<link rel=\"canonical\" href=\"https:\/\/acreurope.eu\/sv\/derila-ergo-kudde\/\" \/>\n<meta property=\"og:locale\" content=\"sv_SE\" \/>\n<meta property=\"og:type\" content=\"article\" \/>\n<meta property=\"og:title\" content=\"Derila Ergo-kudde erfarenheter \u2734\ufe0f 70 % rabatt\" \/>\n<meta property=\"og:description\" content=\"Kvaliteten p\u00e5 v\u00e5r s\u00f6mn beror i h\u00f6g grad p\u00e5 kroppens biomekaniska position under natten. Huvudkudden spelar en central roll n\u00e4r det g\u00e4ller att ge st\u00f6d \u00e5t huvud, nacke och axlar. S\u00e4rskilt sambandet mellan en onaturlig position f\u00f6r halskotpelaren och uppkomsten av kroniska besv\u00e4r som cervikogen huvudv\u00e4rk, nackstyvhet eller myofasciella triggerpunkter har bevisats i ett flertal ... Weiterlesen ...\" \/>\n<meta property=\"og:url\" content=\"https:\/\/acreurope.eu\/sv\/derila-ergo-kudde\/\" \/>\n<meta property=\"og:site_name\" content=\"acreurope.eu\" \/>\n<meta property=\"article:published_time\" content=\"2025-05-24T08:34:18+00:00\" \/>\n<meta property=\"article:modified_time\" content=\"2025-11-02T14:15:39+00:00\" \/>\n<meta property=\"og:image\" content=\"https:\/\/acreurope.eu\/wp-content\/uploads\/2025\/05\/derila-ergo-kissen.jpg\" \/>\n\t<meta property=\"og:image:width\" content=\"800\" \/>\n\t<meta property=\"og:image:height\" content=\"760\" \/>\n\t<meta property=\"og:image:type\" content=\"image\/jpeg\" \/>\n<meta name=\"author\" content=\"admin66\" \/>\n<meta name=\"twitter:card\" content=\"summary_large_image\" \/>\n<meta name=\"twitter:label1\" content=\"Skriven av\" \/>\n\t<meta name=\"twitter:data1\" content=\"admin66\" \/>\n\t<meta name=\"twitter:label2\" content=\"Ber\u00e4knad l\u00e4stid\" \/>\n\t<meta name=\"twitter:data2\" content=\"8 minuter\" \/>\n<script type=\"application\/ld+json\" class=\"yoast-schema-graph\">{\"@context\":\"https:\/\/schema.org\",\"@graph\":[{\"@type\":\"Article\",\"@id\":\"https:\/\/acreurope.eu\/sv\/derila-ergo-kudde\/#article\",\"isPartOf\":{\"@id\":\"https:\/\/acreurope.eu\/sv\/derila-ergo-kudde\/\"},\"author\":{\"name\":\"admin66\",\"@id\":\"https:\/\/acreurope.eu\/sv\/#\/schema\/person\/1cb8475a6d80cee160766e6547fe8d70\"},\"headline\":\"Derila Ergo-kudde erfarenheter &#038; recensioner &#8211; L\u00e4gsta pris i Sverige\",\"datePublished\":\"2025-05-24T08:34:18+00:00\",\"dateModified\":\"2025-11-02T14:15:39+00:00\",\"mainEntityOfPage\":{\"@id\":\"https:\/\/acreurope.eu\/sv\/derila-ergo-kudde\/\"},\"wordCount\":2084,\"publisher\":{\"@id\":\"https:\/\/acreurope.eu\/sv\/#organization\"},\"image\":{\"@id\":\"https:\/\/acreurope.eu\/sv\/derila-ergo-kudde\/#primaryimage\"},\"thumbnailUrl\":\"https:\/\/acreurope.eu\/wp-content\/uploads\/2025\/05\/derila-ergo-kissen.jpg\",\"articleSection\":[\"Okategoriserad\"],\"inLanguage\":\"sv-SE\"},{\"@type\":\"WebPage\",\"@id\":\"https:\/\/acreurope.eu\/sv\/derila-ergo-kudde\/\",\"url\":\"https:\/\/acreurope.eu\/sv\/derila-ergo-kudde\/\",\"name\":\"Derila Ergo-kudde erfarenheter \u2734\ufe0f 70 % rabatt\",\"isPartOf\":{\"@id\":\"https:\/\/acreurope.eu\/sv\/#website\"},\"primaryImageOfPage\":{\"@id\":\"https:\/\/acreurope.eu\/sv\/derila-ergo-kudde\/#primaryimage\"},\"image\":{\"@id\":\"https:\/\/acreurope.eu\/sv\/derila-ergo-kudde\/#primaryimage\"},\"thumbnailUrl\":\"https:\/\/acreurope.eu\/wp-content\/uploads\/2025\/05\/derila-ergo-kissen.jpg\",\"datePublished\":\"2025-05-24T08:34:18+00:00\",\"dateModified\":\"2025-11-02T14:15:39+00:00\",\"breadcrumb\":{\"@id\":\"https:\/\/acreurope.eu\/sv\/derila-ergo-kudde\/#breadcrumb\"},\"inLanguage\":\"sv-SE\",\"potentialAction\":[{\"@type\":\"ReadAction\",\"target\":[\"https:\/\/acreurope.eu\/sv\/derila-ergo-kudde\/\"]}]},{\"@type\":\"ImageObject\",\"inLanguage\":\"sv-SE\",\"@id\":\"https:\/\/acreurope.eu\/sv\/derila-ergo-kudde\/#primaryimage\",\"url\":\"https:\/\/acreurope.eu\/wp-content\/uploads\/2025\/05\/derila-ergo-kissen.jpg\",\"contentUrl\":\"https:\/\/acreurope.eu\/wp-content\/uploads\/2025\/05\/derila-ergo-kissen.jpg\"},{\"@type\":\"BreadcrumbList\",\"@id\":\"https:\/\/acreurope.eu\/sv\/derila-ergo-kudde\/#breadcrumb\",\"itemListElement\":[{\"@type\":\"ListItem\",\"position\":1,\"name\":\"Startseite\",\"item\":\"https:\/\/acreurope.eu\/sv\/\"},{\"@type\":\"ListItem\",\"position\":2,\"name\":\"Derila Ergo-kudde erfarenheter &#038; recensioner &#8211; L\u00e4gsta pris i Sverige\"}]},{\"@type\":\"WebSite\",\"@id\":\"https:\/\/acreurope.eu\/sv\/#website\",\"url\":\"https:\/\/acreurope.eu\/sv\/\",\"name\":\"acreurope.eu\",\"description\":\"\",\"publisher\":{\"@id\":\"https:\/\/acreurope.eu\/sv\/#organization\"},\"potentialAction\":[{\"@type\":\"SearchAction\",\"target\":{\"@type\":\"EntryPoint\",\"urlTemplate\":\"https:\/\/acreurope.eu\/sv\/?s={search_term_string}\"},\"query-input\":{\"@type\":\"PropertyValueSpecification\",\"valueRequired\":true,\"valueName\":\"search_term_string\"}}],\"inLanguage\":\"sv-SE\"},{\"@type\":\"Organization\",\"@id\":\"https:\/\/acreurope.eu\/sv\/#organization\",\"name\":\"acreurope.eu\",\"url\":\"https:\/\/acreurope.eu\/sv\/\",\"logo\":{\"@type\":\"ImageObject\",\"inLanguage\":\"sv-SE\",\"@id\":\"https:\/\/acreurope.eu\/sv\/#\/schema\/logo\/image\/\",\"url\":\"https:\/\/acreurope.eu\/wp-content\/uploads\/2023\/11\/ACReurope.png\",\"contentUrl\":\"https:\/\/acreurope.eu\/wp-content\/uploads\/2023\/11\/ACReurope.png\",\"width\":200,\"height\":198,\"caption\":\"acreurope.eu\"},\"image\":{\"@id\":\"https:\/\/acreurope.eu\/sv\/#\/schema\/logo\/image\/\"}},{\"@type\":\"Person\",\"@id\":\"https:\/\/acreurope.eu\/sv\/#\/schema\/person\/1cb8475a6d80cee160766e6547fe8d70\",\"name\":\"admin66\",\"image\":{\"@type\":\"ImageObject\",\"inLanguage\":\"sv-SE\",\"@id\":\"https:\/\/acreurope.eu\/sv\/#\/schema\/person\/image\/\",\"url\":\"https:\/\/secure.gravatar.com\/avatar\/a151f768b74210abe56ee5aedc38ade926286f8dbfb83d1ea65496f4cccd3095?s=96&d=mm&r=g\",\"contentUrl\":\"https:\/\/secure.gravatar.com\/avatar\/a151f768b74210abe56ee5aedc38ade926286f8dbfb83d1ea65496f4cccd3095?s=96&d=mm&r=g\",\"caption\":\"admin66\"},\"sameAs\":[\"http:\/\/acreurope.eu\"]}]}<\/script>\n<!-- \/ Yoast SEO plugin. -->","yoast_head_json":{"title":"Derila Ergo-kudde erfarenheter \u2734\ufe0f 70 % rabatt","robots":{"index":"index","follow":"follow","max-snippet":"max-snippet:-1","max-image-preview":"max-image-preview:large","max-video-preview":"max-video-preview:-1"},"canonical":"https:\/\/acreurope.eu\/sv\/derila-ergo-kudde\/","og_locale":"sv_SE","og_type":"article","og_title":"Derila Ergo-kudde erfarenheter \u2734\ufe0f 70 % rabatt","og_description":"Kvaliteten p\u00e5 v\u00e5r s\u00f6mn beror i h\u00f6g grad p\u00e5 kroppens biomekaniska position under natten. Huvudkudden spelar en central roll n\u00e4r det g\u00e4ller att ge st\u00f6d \u00e5t huvud, nacke och axlar. S\u00e4rskilt sambandet mellan en onaturlig position f\u00f6r halskotpelaren och uppkomsten av kroniska besv\u00e4r som cervikogen huvudv\u00e4rk, nackstyvhet eller myofasciella triggerpunkter har bevisats i ett flertal ... Weiterlesen ...","og_url":"https:\/\/acreurope.eu\/sv\/derila-ergo-kudde\/","og_site_name":"acreurope.eu","article_published_time":"2025-05-24T08:34:18+00:00","article_modified_time":"2025-11-02T14:15:39+00:00","og_image":[{"width":800,"height":760,"url":"https:\/\/acreurope.eu\/wp-content\/uploads\/2025\/05\/derila-ergo-kissen.jpg","type":"image\/jpeg"}],"author":"admin66","twitter_card":"summary_large_image","twitter_misc":{"Skriven av":"admin66","Ber\u00e4knad l\u00e4stid":"8 minuter"},"schema":{"@context":"https:\/\/schema.org","@graph":[{"@type":"Article","@id":"https:\/\/acreurope.eu\/sv\/derila-ergo-kudde\/#article","isPartOf":{"@id":"https:\/\/acreurope.eu\/sv\/derila-ergo-kudde\/"},"author":{"name":"admin66","@id":"https:\/\/acreurope.eu\/sv\/#\/schema\/person\/1cb8475a6d80cee160766e6547fe8d70"},"headline":"Derila Ergo-kudde erfarenheter &#038; recensioner &#8211; L\u00e4gsta pris i Sverige","datePublished":"2025-05-24T08:34:18+00:00","dateModified":"2025-11-02T14:15:39+00:00","mainEntityOfPage":{"@id":"https:\/\/acreurope.eu\/sv\/derila-ergo-kudde\/"},"wordCount":2084,"publisher":{"@id":"https:\/\/acreurope.eu\/sv\/#organization"},"image":{"@id":"https:\/\/acreurope.eu\/sv\/derila-ergo-kudde\/#primaryimage"},"thumbnailUrl":"https:\/\/acreurope.eu\/wp-content\/uploads\/2025\/05\/derila-ergo-kissen.jpg","articleSection":["Okategoriserad"],"inLanguage":"sv-SE"},{"@type":"WebPage","@id":"https:\/\/acreurope.eu\/sv\/derila-ergo-kudde\/","url":"https:\/\/acreurope.eu\/sv\/derila-ergo-kudde\/","name":"Derila Ergo-kudde erfarenheter \u2734\ufe0f 70 % rabatt","isPartOf":{"@id":"https:\/\/acreurope.eu\/sv\/#website"},"primaryImageOfPage":{"@id":"https:\/\/acreurope.eu\/sv\/derila-ergo-kudde\/#primaryimage"},"image":{"@id":"https:\/\/acreurope.eu\/sv\/derila-ergo-kudde\/#primaryimage"},"thumbnailUrl":"https:\/\/acreurope.eu\/wp-content\/uploads\/2025\/05\/derila-ergo-kissen.jpg","datePublished":"2025-05-24T08:34:18+00:00","dateModified":"2025-11-02T14:15:39+00:00","breadcrumb":{"@id":"https:\/\/acreurope.eu\/sv\/derila-ergo-kudde\/#breadcrumb"},"inLanguage":"sv-SE","potentialAction":[{"@type":"ReadAction","target":["https:\/\/acreurope.eu\/sv\/derila-ergo-kudde\/"]}]},{"@type":"ImageObject","inLanguage":"sv-SE","@id":"https:\/\/acreurope.eu\/sv\/derila-ergo-kudde\/#primaryimage","url":"https:\/\/acreurope.eu\/wp-content\/uploads\/2025\/05\/derila-ergo-kissen.jpg","contentUrl":"https:\/\/acreurope.eu\/wp-content\/uploads\/2025\/05\/derila-ergo-kissen.jpg"},{"@type":"BreadcrumbList","@id":"https:\/\/acreurope.eu\/sv\/derila-ergo-kudde\/#breadcrumb","itemListElement":[{"@type":"ListItem","position":1,"name":"Startseite","item":"https:\/\/acreurope.eu\/sv\/"},{"@type":"ListItem","position":2,"name":"Derila Ergo-kudde erfarenheter &#038; recensioner &#8211; L\u00e4gsta pris i Sverige"}]},{"@type":"WebSite","@id":"https:\/\/acreurope.eu\/sv\/#website","url":"https:\/\/acreurope.eu\/sv\/","name":"acreurope.eu","description":"","publisher":{"@id":"https:\/\/acreurope.eu\/sv\/#organization"},"potentialAction":[{"@type":"SearchAction","target":{"@type":"EntryPoint","urlTemplate":"https:\/\/acreurope.eu\/sv\/?s={search_term_string}"},"query-input":{"@type":"PropertyValueSpecification","valueRequired":true,"valueName":"search_term_string"}}],"inLanguage":"sv-SE"},{"@type":"Organization","@id":"https:\/\/acreurope.eu\/sv\/#organization","name":"acreurope.eu","url":"https:\/\/acreurope.eu\/sv\/","logo":{"@type":"ImageObject","inLanguage":"sv-SE","@id":"https:\/\/acreurope.eu\/sv\/#\/schema\/logo\/image\/","url":"https:\/\/acreurope.eu\/wp-content\/uploads\/2023\/11\/ACReurope.png","contentUrl":"https:\/\/acreurope.eu\/wp-content\/uploads\/2023\/11\/ACReurope.png","width":200,"height":198,"caption":"acreurope.eu"},"image":{"@id":"https:\/\/acreurope.eu\/sv\/#\/schema\/logo\/image\/"}},{"@type":"Person","@id":"https:\/\/acreurope.eu\/sv\/#\/schema\/person\/1cb8475a6d80cee160766e6547fe8d70","name":"admin66","image":{"@type":"ImageObject","inLanguage":"sv-SE","@id":"https:\/\/acreurope.eu\/sv\/#\/schema\/person\/image\/","url":"https:\/\/secure.gravatar.com\/avatar\/a151f768b74210abe56ee5aedc38ade926286f8dbfb83d1ea65496f4cccd3095?s=96&d=mm&r=g","contentUrl":"https:\/\/secure.gravatar.com\/avatar\/a151f768b74210abe56ee5aedc38ade926286f8dbfb83d1ea65496f4cccd3095?s=96&d=mm&r=g","caption":"admin66"},"sameAs":["http:\/\/acreurope.eu"]}]}},"_links":{"self":[{"href":"https:\/\/acreurope.eu\/sv\/wp-json\/wp\/v2\/posts\/1343","targetHints":{"allow":["GET"]}}],"collection":[{"href":"https:\/\/acreurope.eu\/sv\/wp-json\/wp\/v2\/posts"}],"about":[{"href":"https:\/\/acreurope.eu\/sv\/wp-json\/wp\/v2\/types\/post"}],"author":[{"embeddable":true,"href":"https:\/\/acreurope.eu\/sv\/wp-json\/wp\/v2\/users\/1"}],"replies":[{"embeddable":true,"href":"https:\/\/acreurope.eu\/sv\/wp-json\/wp\/v2\/comments?post=1343"}],"version-history":[{"count":1,"href":"https:\/\/acreurope.eu\/sv\/wp-json\/wp\/v2\/posts\/1343\/revisions"}],"predecessor-version":[{"id":1344,"href":"https:\/\/acreurope.eu\/sv\/wp-json\/wp\/v2\/posts\/1343\/revisions\/1344"}],"wp:attachment":[{"href":"https:\/\/acreurope.eu\/sv\/wp-json\/wp\/v2\/media?parent=1343"}],"wp:term":[{"taxonomy":"category","embeddable":true,"href":"https:\/\/acreurope.eu\/sv\/wp-json\/wp\/v2\/categories?post=1343"},{"taxonomy":"post_tag","embeddable":true,"href":"https:\/\/acreurope.eu\/sv\/wp-json\/wp\/v2\/tags?post=1343"}],"curies":[{"name":"wp","href":"https:\/\/api.w.org\/{rel}","templated":true}]}}