{"id":74,"date":"2023-11-14T10:01:29","date_gmt":"2023-11-14T09:01:29","guid":{"rendered":"https:\/\/acreurope.eu\/?p=74"},"modified":"2024-02-11T15:48:28","modified_gmt":"2024-02-11T14:48:28","slug":"derila","status":"publish","type":"post","link":"https:\/\/acreurope.eu\/sv\/derila\/","title":{"rendered":"Derila Kudde: Test, od\u00f6me, pris, omd\u00f6me: Ingen bluff"},"content":{"rendered":"<p><strong>Den nya Derila-kudden har f\u00e5tt uppm\u00e4rksamhet p\u00e5 marknaden f\u00f6r sin unika design och potential att lindra snarkning och obehag under s\u00f6mnen. Med sin distinkta fj\u00e4rilsform syftar denna ergonomiska kudde till att ge optimalt st\u00f6d f\u00f6r huvud, nacke och rygg, vilket resulterar i en mer vilsam s\u00f6mnupplevelse.<\/strong><\/p>\n<p>Kunder som har provat Derila Pillow har delat med sig av en blandning av positiva och negativa recensioner. M\u00e5nga uppskattar minnesskummaterialet och konturen som hj\u00e4lper till att st\u00f6dja nacken och lindra ryggsm\u00e4rta. \u00c5 andra sidan har vissa anv\u00e4ndare rapporterat problem med returfraktkostnader.<\/p>\n<p>I den h\u00e4r artikeln kommer vi att f\u00f6rdjupa oss i funktionerna och f\u00f6rdelarna med Derila Pillow, samt ta upp potentiella nackdelar och anv\u00e4ndarupplevelser. Genom att tillhandah\u00e5lla en omfattande analys syftar vi till att hj\u00e4lpa dig att avg\u00f6ra om denna kudde \u00e4r r\u00e4tt val f\u00f6r dina s\u00f6mnbehov.<\/p>\n<h2>Best\u00e4ll Derila kudde<\/h2>\n<div class=\"su-button-center\"><a href=\"https:\/\/acreurope.eu\/go\/derila-se\" class=\"su-button su-button-style-glass\" style=\"color:#FFFFFF;background-color:#00980a;border-color:#007a08;border-radius:9px\" target=\"_blank\" rel=\"nofollow\"><span style=\"color:#FFFFFF;padding:8px 24px;font-size:18px;line-height:27px;border-color:#4db754;border-radius:9px;text-shadow:none\"><i class=\"sui sui-caret-right\" style=\"font-size:18px;color:#FFFFFF\"><\/i> Best\u00e4ll Derila F\u00e5 70% Rabatt idag<\/span><\/a><\/div>\n<p>&nbsp;<\/p>\n<p><a href=\"https:\/\/acreurope.eu\/go\/derila-se\" target=\"_blank\" rel=\"nofollow noopener\"><img loading=\"lazy\" decoding=\"async\" class=\"aligncenter size-full wp-image-35\" src=\"https:\/\/acreurope.eu\/wp-content\/uploads\/2023\/11\/derila-pillow-reviews.jpg\" alt=\"derila pillow reviews\" width=\"700\" height=\"632\" srcset=\"https:\/\/acreurope.eu\/wp-content\/uploads\/2023\/11\/derila-pillow-reviews.jpg 700w, https:\/\/acreurope.eu\/wp-content\/uploads\/2023\/11\/derila-pillow-reviews-300x271.jpg 300w\" sizes=\"auto, (max-width: 700px) 100vw, 700px\" \/><\/a><\/p>\n<h2>Derila kudde f\u00f6r b\u00e4ttre s\u00f6mn<\/h2>\n<h3>Kvalitet p\u00e5 minnesskum<\/h3>\n<p>Derila-kudden \u00e4r tillverkad av h\u00f6gkvalitativt minnesskum, vilket s\u00e4kerst\u00e4ller att den anpassar sig till formen p\u00e5 ditt huvud och din nacke. Detta anpassningsbara material ger optimalt st\u00f6d under hela natten och hj\u00e4lper till att lindra nacksm\u00e4rta och stela axlar. Kuddens unika fj\u00e4rilsform \u00e4r utformad med ergonomi i \u00e5tanke, vilket fr\u00e4mjar en korrekt sovst\u00e4llning och minskar risken f\u00f6r att utveckla kronisk sm\u00e4rta.<\/p>\n<h3>Komfort och st\u00f6dniv\u00e5er<\/h3>\n<p><a href=\"https:\/\/derilakudde.se\/\" target=\"_blank\" rel=\"noopener\">Derila-kudden<\/a> \u00e4r utformad f\u00f6r ett brett spektrum av sovande personer och ger en bekv\u00e4m och st\u00f6djande s\u00f6mnupplevelse. Den konturerade formen \u00e4r speciellt utformad f\u00f6r att ge \u00f6verl\u00e4gset st\u00f6d f\u00f6r huvud, nacke och rygg, s\u00e5 att du kan somna snabbare och somna l\u00e4ngre. Detta kan leda till att du vaknar utvilad och utan huvudv\u00e4rk. M\u00e5nga anv\u00e4ndare har rapporterat f\u00f6rb\u00e4ttringar i sin s\u00f6mnkvalitet efter att ha anv\u00e4nt Derila-kudden.<\/p>\n<h3>Pris och valuta f\u00f6r pengarna<\/h3>\n<p>Derila-kudden &amp; \u00f6rngott \u00e4r rimligt prissatt och ger bra valuta f\u00f6r pengarna med tanke p\u00e5 den kvalitet och niv\u00e5 av st\u00f6d den ger. \u00c4ven om det till en b\u00f6rjan kan verka som en investering f\u00f6r en kudde, kan den f\u00f6rb\u00e4ttrade s\u00f6mnkvaliteten, komforten och den potentiella minskningen av sm\u00e4rta g\u00f6ra det till ett v\u00e4rdefullt k\u00f6p. Var noga med att j\u00e4mf\u00f6ra priser och betyg f\u00f6r att s\u00e4kerst\u00e4lla att du f\u00e5r det b\u00e4sta v\u00e4rdet f\u00f6r dina pengar n\u00e4r du k\u00f6per Derila-kudden.<\/p>\n<h2>Derila recensioner (Sverige)<\/h2>\n<h3>Ergonomisk design<\/h3>\n<p>Derila-kudden mot rynkor \u00e4r designad med ergonomi i \u00e5tanke och syftar till att ge optimalt st\u00f6d och komfort f\u00f6r olika sovpositioner. Dess unika form hj\u00e4lper till att anpassa huvudet, nacken och ryggraden naturligt, vilket kan lindra vanliga problem som tryckpunkter och nacksm\u00e4rta. Anv\u00e4ndningen av minnesskum f\u00f6rb\u00e4ttrar kuddens anpassningsf\u00f6rm\u00e5ga till individuella behov och erbjuder skr\u00e4ddarsytt st\u00f6d f\u00f6r en vilsam natts s\u00f6mn.<\/p>\n<h3>Fj\u00e4rilens st\u00f6dvingar<\/h3>\n<p>En av de utm\u00e4rkande egenskaperna hos Derila Pillow \u00e4r dess fj\u00e4rilsst\u00f6dvingar. Dessa vingar str\u00e4cker sig fr\u00e5n den huvudsakliga kontursektionen f\u00f6r att ge extra st\u00f6d f\u00f6r nacke och axlar. Genom att vagga dessa omr\u00e5den hj\u00e4lper kudden till att uppr\u00e4tth\u00e5lla korrekt ryggradsinriktning och minska risken f\u00f6r obehag eller sm\u00e4rta vid uppvaknandet. Denna innovativa design g\u00f6r Derila Pillow till ett utm\u00e4rkt val f\u00f6r sidosovare, ryggsovare och \u00e4ven magsovare, eftersom den tillgodoser de unika st\u00f6dbehoven f\u00f6r varje sovst\u00e4llning.<\/p>\n<h2>Relevans f\u00f6r olika sovpositioner<\/h2>\n<h3>Funktioner f\u00f6r ryggsovare<\/h3>\n<p>Derila-kudden har flera funktioner som \u00e4r f\u00f6rdelaktiga f\u00f6r ryggsovare. Dess unika fj\u00e4rilsform och ergonomiska design ger \u00f6verl\u00e4gset st\u00f6d f\u00f6r huvud, nacke och rygg. Detta resulterar i optimal ryggradsjustering och f\u00f6rb\u00e4ttrad h\u00e5llning under s\u00f6mnen. Memory foam-materialet anpassar sig efter anv\u00e4ndarens form, vilket garanterar en bekv\u00e4m och st\u00f6dd vila.<\/p>\n<h3>\u00d6verv\u00e4ganden f\u00f6r sidosovare<\/h3>\n<p>Sidosovare kan ocks\u00e5 dra nytta av Derila-kudden. Kuddens konturer \u00e4r gjorda f\u00f6r att passa dem som sover p\u00e5 sidan och ger n\u00f6dv\u00e4ndigt st\u00f6d f\u00f6r huvud och nacke. Detta hj\u00e4lper i sin tur till att uppr\u00e4tth\u00e5lla en korrekt ryggradsinriktning och minskar risken f\u00f6r att uppleva obehag eller sm\u00e4rta i nacke och axlar. Dessutom anpassar sig minnesskummaterialet som anv\u00e4nds i kudden till den sovandes form, vilket ytterligare f\u00f6rb\u00e4ttrar komforten under hela natten.<\/p>\n<h3>Observationer f\u00f6r magsovare<\/h3>\n<p>Magsovare kan ocks\u00e5 hitta Derila-kudden l\u00e4mplig f\u00f6r deras s\u00f6mnbehov. \u00c4ven om denna sovposition kan belasta nacken och ryggraden, kan kuddens ergonomiska design och minnesskumst\u00f6d hj\u00e4lpa till att lindra en del av denna belastning. F\u00f6ljaktligen kan magsovare uppleva en mer bekv\u00e4m och vilsam natts s\u00f6mn. Det \u00e4r dock viktigt att notera att varje individs upplevelse kommer att skilja sig \u00e5t och att vissa magsovare kan beh\u00f6va en tunnare eller plattare kudde f\u00f6r att passa deras specifika komfortkrav.<\/p>\n<h2>Tillbakablick fr\u00e5n kunder<\/h2>\n<h3>Positiva omd\u00f6men<\/h3>\n<p>Derila kudde har f\u00e5tt ett betydande antal positiva recensioner p\u00e5 olika plattformar. P\u00e5 Sitejabber har f\u00f6retaget ett betyg p\u00e5 4,11 stj\u00e4rnor fr\u00e5n 107 recensioner, vilket indikerar att de flesta kunder i allm\u00e4nhet \u00e4r n\u00f6jda med sina ink\u00f6p. Recensenter som \u00e4r n\u00f6jda med Derila n\u00e4mner oftast minnesskum, nackst\u00f6d och lindring av ryggsm\u00e4rta<sup><a id=\"user-content-fnref-1%5E\" href=\"#user-content-fn-1%5E\" data-footnote-ref=\"\" aria-describedby=\"footnote-label\">1<\/a><\/sup>. En kund p\u00e5 Trustpilot delade sin erfarenhet och uppgav att &#8221;kudden \u00e4r bekv\u00e4m och mjuk samtidigt som den ger tillr\u00e4ckligt nackst\u00f6d&#8221;<sup><a id=\"user-content-fnref-5%5E\" href=\"#user-content-fn-5%5E\" data-footnote-ref=\"\" aria-describedby=\"footnote-label\">2<\/a><\/sup>.<\/p>\n<p>En annan granskare ber\u00f6mde Derila Contour Anti Snore Pillows f\u00f6r att ge &#8221;den ultimata s\u00f6mnkomforten.&#8221; Denna anv\u00e4ndare n\u00e4mnde att kuddens unika fj\u00e4rilsform och ergonomiska design gjorde att de kunde somna snabbare, somna l\u00e4ngre och vakna utvilade och huvudv\u00e4rkfria<sup><a id=\"user-content-fnref-4%5E\" href=\"#user-content-fn-4%5E\" data-footnote-ref=\"\" aria-describedby=\"footnote-label\">3<\/a><\/sup>.<\/p>\n<h3>Negativa omd\u00f6men<\/h3>\n<p>Trots majoriteten av positiv feedback har vissa kunder uttryckt oro och missn\u00f6je med Derila-kudden. En granskare p\u00e5 Amazon rapporterade att kudden inte hj\u00e4lpte till med snarkning som annonserat, och de fortsatte att bli sparkade ur s\u00e4ngen varje natt efter att ha k\u00f6pt den<sup><a id=\"user-content-fnref-3%5E\" href=\"#user-content-fn-3%5E\" data-footnote-ref=\"\" aria-describedby=\"footnote-label\">4<\/a><\/sup>.<\/p>\n<p>I ett annat fall hade en kund problem med Derila g\u00e4llande en returfraktkostnad p\u00e5 349 USD f\u00f6r en kudde v\u00e4rd 50 USD<sup><a id=\"user-content-fnref-2%5E\" href=\"#user-content-fn-2%5E\" data-footnote-ref=\"\" aria-describedby=\"footnote-label\">5<\/a><\/sup>. \u00c4ven om f\u00f6retaget till slut gick med p\u00e5 att \u00e5terbetala avgiften, belyser detta potentiella problem med f\u00f6retagets returpolicy och fraktavgifter.<\/p>\n<h2 id=\"footnote-label\" class=\"sr-only\">Fotnoter<\/h2>\n<ol>\n<li id=\"user-content-fn-1%5E\">Derila recensioner &#8211; 113 recensioner av Derila.com | Sitejabber<\/li>\n<li id=\"user-content-fn-5%5E\">L\u00e4s kundtj\u00e4nstrecensioner av derila.com &#8211; Trustpilot (AU, 6 timmar sedan, Erfarenhetsdatum: 01 November 2023)<\/li>\n<li id=\"user-content-fn-4%5E\">Derila Pillow Review: Domen &#8211; bra eller d\u00e5lig? (Amber Thompson, 13 augusti 2023)<\/li>\n<li id=\"user-content-fn-3%5E\">Amazon.com: Kund recensioner: Derila Cervical Anti Snore Kuddar f\u00f6r &#8230;<\/li>\n<li id=\"user-content-fn-2%5E\">L\u00e4s kundtj\u00e4nstrecensioner av derila.com &#8211; Trustpilot (USA, 4 dagar sedan)<\/li>\n<\/ol>\n<h2>Processen f\u00f6r best\u00e4llning och leverans<\/h2>\n<h3>F\u00f6rfarande f\u00f6r k\u00f6p online<\/h3>\n<p>Derila Pillow kan enkelt k\u00f6pas via deras online-webbplats. F\u00f6r att b\u00f6rja, navigera helt enkelt till produktsidan och granska tillg\u00e4nglig information om kudden. K\u00f6pare har m\u00f6jlighet att anv\u00e4nda olika betalningsmetoder som PayPal f\u00f6r att slutf\u00f6ra sina transaktioner.<\/p>\n<p>Det \u00e4r vanligt att webbplatsen erbjuder rabatter, till exempel den f\u00f6r n\u00e4rvarande tillg\u00e4ngliga 50% rabatt p\u00e5 Derila Pillow Price. Denna kampanj hj\u00e4lper shoppare att k\u00e4nna sig mer bekv\u00e4ma n\u00e4r de g\u00f6r sitt k\u00f6p.<\/p>\n<h3>Leverans och f\u00f6rpackning<\/h3>\n<p>N\u00e4r best\u00e4llningen har gjorts och betalningen har bekr\u00e4ftats b\u00f6rjar leveransprocessen. Derila-kudden \u00e4r noggrant f\u00f6rpackad f\u00f6r att s\u00e4kerst\u00e4lla att den anl\u00e4nder i perfekt skick. F\u00f6rpackningsprocessen tar h\u00e4nsyn till eventuella utmaningar under transporten och s\u00e4kerst\u00e4ller att kudden f\u00f6rblir skyddad.<\/p>\n<p>Vid ankomsten kan k\u00f6pare f\u00f6rv\u00e4nta sig att f\u00e5 sin kudde i gott skick och uppmuntras att granska leveransen f\u00f6r eventuella avvikelser. Snabb kommunikation med online-s\u00e4ljaren \u00e4r avg\u00f6rande f\u00f6r att l\u00f6sa eventuella problem som uppst\u00e5tt under leveransprocessen.<\/p>\n<h2>Kundsupport och \u00e5terbetalningspolicy<\/h2>\n<h3>Retur och avbokning<\/h3>\n<p>Derila har en returpolicy f\u00f6r kunder som inte \u00e4r n\u00f6jda med sina ink\u00f6p. Vissa kunder rapporterade problem med returfraktavgifter, med en instans som debiterade $ 349 f\u00f6r en $ 50 kudde. Efter en del protester fr\u00e5n kunden gick f\u00f6retaget med p\u00e5 att \u00e5terbetala avgiften f\u00f6r kudden, och pengarna \u00e5terf\u00f6rdes till kundens konto.<\/p>\n<p>I ett annat fall returnerade en kund varorna men v\u00e4ntade fortfarande p\u00e5 att f\u00e5 pengarna tillbaka. N\u00e4r det g\u00e4ller avbokning, se till att kontakta f\u00f6retaget f\u00f6r information om de specifika avbokningsreglerna.<\/p>\n<h3>Interaktion med kundtj\u00e4nsten<\/h3>\n<p>Derilas kundtj\u00e4nst har blandade recensioner. Vissa kunder rapporterade en tillfredsst\u00e4llande l\u00f6sning p\u00e5 sina problem, medan andra m\u00f6tte sv\u00e5righeter i sina interaktioner med f\u00f6retaget. Derila verkar svara p\u00e5 recensioner i genomsnitt inom 2 dagar. N\u00e4r det g\u00e4ller betyg gav 14% av granskarna p\u00e5 Trustpilot sin erfarenhet av Derila ett 5-stj\u00e4rnigt betyg, och 86% betygsatte dem med 1-stj\u00e4rna. P\u00e5 Sitejabber har Derila ett 4,11-stj\u00e4rnigt betyg fr\u00e5n 107 recensioner, med 71,6% positiva recensioner under de senaste 12 m\u00e5naderna.<\/p>\n<p>Det \u00e4r viktigt f\u00f6r kunderna att vara medvetna om f\u00f6retagets kundservice och \u00e5terbetalningspolicy om de beh\u00f6ver returnera eller avbryta sina best\u00e4llningar. Att kontakta Derila och uppr\u00e4tth\u00e5lla en tydlig kommunikation \u00e4r avg\u00f6rande f\u00f6r att s\u00e4kerst\u00e4lla en smidig retur- eller avbest\u00e4llningsprocess.<\/p>\n<h2>M\u00f6jliga problem<\/h2>\n<h3>Problem med skr\u00e4ppost<\/h3>\n<p>En fr\u00e5ga som har tagits upp av kunder \u00e4r oron f\u00f6r skr\u00e4ppost fr\u00e5n Derila. Vissa anv\u00e4ndare har rapporterat att de f\u00e5tt en stor m\u00e4ngd o\u00f6nskade e-postmeddelanden fr\u00e5n f\u00f6retaget, \u00e4ven efter att de f\u00f6rs\u00f6kt avregistrera sig. Dessa skr\u00e4ppostmeddelanden kan skapa en o\u00f6nskad och frustrerande upplevelse f\u00f6r kunderna, vilket i slut\u00e4ndan \u00e5terspeglar negativt p\u00e5 f\u00f6retagets image.<\/p>\n<h3>Fr\u00e5gas\u00e4ttande marknadsf\u00f6ringsmetoder<\/h3>\n<p>F\u00f6rutom skr\u00e4ppost har det f\u00f6rekommit klagom\u00e5l p\u00e5 Derilas marknadsf\u00f6ringsmetoder. Specifikt har kunder n\u00e4mnt anv\u00e4ndningen av gr\u00e4ns\u00f6verskridande bedr\u00e4geri och pannrumsmarknadsf\u00f6ringstaktik. Dessa kontroversiella metoder kan leda till bristande f\u00f6rtroende f\u00f6r f\u00f6retaget och missn\u00f6je hos vissa kunder.<\/p>\n<p>Kunder har ocks\u00e5 rapporterat om l\u00f6mska marknadsf\u00f6ringstekniker p\u00e5 flera niv\u00e5er. Dessa metoder kan g\u00f6ra det sv\u00e5rt f\u00f6r kunderna att fullt ut f\u00f6rst\u00e5 de produkter och tj\u00e4nster som erbjuds av Derila, vilket kan leda till en negativ upplevelse under k\u00f6pprocessen.<\/p>\n<p>Det \u00e4r viktigt f\u00f6r kunder att vara medvetna om dessa m\u00f6jliga problem n\u00e4r de \u00f6verv\u00e4ger att k\u00f6pa en Derila-kudde. \u00c4ven om m\u00e5nga recensioner ber\u00f6mmer produktens komfort och st\u00f6d, \u00e4r det viktigt att noggrant utv\u00e4rdera de potentiella nackdelarna innan du fattar ett k\u00f6pbeslut.<\/p>\n<h2>Frekvent st\u00e4llda fr\u00e5gor<\/h2>\n<h3>\u00c4r Derila tillg\u00e4nglig i Nya Zeeland (NZ)?<\/h3>\n<p>Ja, Derilakudden finns nu tillg\u00e4nglig i Nya Zeeland.<\/p>\n<h3>Hj\u00e4lper Derila-kudden mot snarkning?<\/h3>\n<p>Ja, Derila-kudden \u00e4r utformad f\u00f6r att hj\u00e4lpa till med snarkning. Den konturformade anti-snarkdesignen hj\u00e4lper till att uppr\u00e4tth\u00e5lla korrekt huvud- och nackinriktning, vilket kan lindra snarkningsproblem f\u00f6r vissa individer. Det fr\u00e4mjar b\u00e4ttre andning och en mer vilsam s\u00f6mn.<\/p>\n<h3>\u00c4r Derila-kudden l\u00e4mplig vid nacksm\u00e4rta?<\/h3>\n<p>Derila-kudden \u00e4r s\u00e4rskilt utformad f\u00f6r att ge st\u00f6d till personer som lider av nacksm\u00e4rta. Dess minnesskumskonstruktion och konturerade design samverkar f\u00f6r att vagga huvudet och nacken, fr\u00e4mja korrekt inriktning och lindra trycket p\u00e5 sm\u00e4rtsamma omr\u00e5den.<\/p>\n<h3>\u00c4r Derila-kudden bekv\u00e4m f\u00f6r sidosovare?<\/h3>\n<p>Derila kudde \u00e4r l\u00e4mplig f\u00f6r sidosovare eftersom den ger tillr\u00e4ckligt st\u00f6d. Den konturformade designen h\u00e5ller nacken i en h\u00e4lsosam linje, vilket f\u00f6rhindrar belastning och obehag n\u00e4r du sover. Det h\u00f6gkvalitativa minnesskummet anpassar sig till formen p\u00e5 ditt huvud och din nacke, vilket g\u00f6r den till ett l\u00e4mpligt alternativ f\u00f6r sidosovare.<\/p>\n<h3>Vad \u00e4r returpolicyn f\u00f6r Derila-kudden?<\/h3>\n<p>Derilas returpolicy kan variera beroende p\u00e5 vilken plattform du k\u00f6per kudden fr\u00e5n. Det \u00e4r viktigt att kontrollera den specifika returpolicyn, inklusive returf\u00f6nstret och eventuella villkor, fr\u00e5n s\u00e4ljaren eller plattformen du v\u00e4ljer att k\u00f6pa fr\u00e5n f\u00f6r korrekt information.<\/p>\n<h3>Vad s\u00e4ger kunderna p\u00e5 Trustpilot om Derila kudden?<\/h3>\n<p>F\u00f6r n\u00e4rvarande finns det ingen specifik information tillg\u00e4nglig om Derila kudde recensioner p\u00e5 Trustpilot. Kundrecensioner p\u00e5 Amazon har dock uttryckt blandade \u00e5sikter &#8211; vissa kunder har tyckt att kudden var bekv\u00e4m och hj\u00e4lpsam, medan andra tyckte att den var f\u00f6r liten eller inte gav tillr\u00e4ckligt st\u00f6d. Det \u00e4r viktigt att unders\u00f6ka och l\u00e4sa recensioner fr\u00e5n olika k\u00e4llor f\u00f6r att f\u00e5 en helt\u00e4ckande f\u00f6rst\u00e5else av produkten.<\/p>\n<h3>Var kan jag k\u00f6pa en Derila-kudde?<\/h3>\n<p>Derila-kuddar finns att k\u00f6pa p\u00e5 flera plattformar, inklusive Amazon och direkt fr\u00e5n tillverkarens webbplats. Du kan ocks\u00e5 hitta Derila-kuddar hos utvalda \u00e5terf\u00f6rs\u00e4ljare b\u00e5de online och i butik. Det \u00e4r b\u00e4st att j\u00e4mf\u00f6ra priser och fraktalternativ f\u00f6r att hitta det b\u00e4sta erbjudandet baserat p\u00e5 din plats och dina preferenser.<\/p>\n<h2>Best\u00e4ll Derila kudde &amp; \u00f6rngott<\/h2>\n<div class=\"su-button-center\"><a href=\"https:\/\/acreurope.eu\/go\/derila-se\" class=\"su-button su-button-style-glass\" style=\"color:#FFFFFF;background-color:#00980a;border-color:#007a08;border-radius:9px\" target=\"_blank\" rel=\"nofollow\"><span style=\"color:#FFFFFF;padding:8px 24px;font-size:18px;line-height:27px;border-color:#4db754;border-radius:9px;text-shadow:none\"><i class=\"sui sui-caret-right\" style=\"font-size:18px;color:#FFFFFF\"><\/i> Best\u00e4ll Derila F\u00e5 70% Rabatt idag<\/span><\/a><\/div>\n","protected":false},"excerpt":{"rendered":"<p>Den nya Derila-kudden har f\u00e5tt uppm\u00e4rksamhet p\u00e5 marknaden f\u00f6r sin unika design och potential att lindra snarkning och obehag under s\u00f6mnen. Med sin distinkta fj\u00e4rilsform syftar denna ergonomiska kudde till att ge optimalt st\u00f6d f\u00f6r huvud, nacke och rygg, vilket resulterar i en mer vilsam s\u00f6mnupplevelse. Kunder som har provat Derila Pillow har delat med &#8230; <a title=\"Derila Kudde: Test, od\u00f6me, pris, omd\u00f6me: Ingen bluff\" class=\"read-more\" href=\"https:\/\/acreurope.eu\/sv\/derila\/\" aria-label=\"L\u00e4s mer om Derila Kudde: Test, od\u00f6me, pris, omd\u00f6me: Ingen bluff\">Weiterlesen &#8230;<\/a><\/p>\n","protected":false},"author":1,"featured_media":75,"comment_status":"open","ping_status":"closed","sticky":false,"template":"","format":"standard","meta":{"footnotes":""},"categories":[17],"tags":[],"class_list":["post-74","post","type-post","status-publish","format-standard","has-post-thumbnail","hentry","category-okategoriserad"],"yoast_head":"<!-- This site is optimized with the Yoast SEO plugin v25.8 - https:\/\/yoast.com\/wordpress\/plugins\/seo\/ -->\n<title>Derila Kudde \ud83d\uddd2\ufe0f Omd\u00f6me &amp; l\u00e4gsta pris (Ingen bluff)<\/title>\n<meta name=\"robots\" content=\"index, follow, max-snippet:-1, max-image-preview:large, max-video-preview:-1\" \/>\n<link rel=\"canonical\" href=\"https:\/\/acreurope.eu\/sv\/derila\/\" \/>\n<meta property=\"og:locale\" content=\"sv_SE\" \/>\n<meta property=\"og:type\" content=\"article\" \/>\n<meta property=\"og:title\" content=\"Derila Kudde \ud83d\uddd2\ufe0f Omd\u00f6me &amp; l\u00e4gsta pris (Ingen bluff)\" \/>\n<meta property=\"og:description\" content=\"Den nya Derila-kudden har f\u00e5tt uppm\u00e4rksamhet p\u00e5 marknaden f\u00f6r sin unika design och potential att lindra snarkning och obehag under s\u00f6mnen. Med sin distinkta fj\u00e4rilsform syftar denna ergonomiska kudde till att ge optimalt st\u00f6d f\u00f6r huvud, nacke och rygg, vilket resulterar i en mer vilsam s\u00f6mnupplevelse. Kunder som har provat Derila Pillow har delat med ... Weiterlesen ...\" \/>\n<meta property=\"og:url\" content=\"https:\/\/acreurope.eu\/sv\/derila\/\" \/>\n<meta property=\"og:site_name\" content=\"acreurope.eu\" \/>\n<meta property=\"article:published_time\" content=\"2023-11-14T09:01:29+00:00\" \/>\n<meta property=\"article:modified_time\" content=\"2024-02-11T14:48:28+00:00\" \/>\n<meta property=\"og:image\" content=\"https:\/\/acreurope.eu\/wp-content\/uploads\/2023\/11\/derila-reviews.jpg\" \/>\n\t<meta property=\"og:image:width\" content=\"900\" \/>\n\t<meta property=\"og:image:height\" content=\"630\" \/>\n\t<meta property=\"og:image:type\" content=\"image\/jpeg\" \/>\n<meta name=\"author\" content=\"admin66\" \/>\n<meta name=\"twitter:card\" content=\"summary_large_image\" \/>\n<meta name=\"twitter:label1\" content=\"Skriven av\" \/>\n\t<meta name=\"twitter:data1\" content=\"admin66\" \/>\n\t<meta name=\"twitter:label2\" content=\"Ber\u00e4knad l\u00e4stid\" \/>\n\t<meta name=\"twitter:data2\" content=\"9 minuter\" \/>\n<script type=\"application\/ld+json\" class=\"yoast-schema-graph\">{\"@context\":\"https:\/\/schema.org\",\"@graph\":[{\"@type\":\"Article\",\"@id\":\"https:\/\/acreurope.eu\/sv\/derila\/#article\",\"isPartOf\":{\"@id\":\"https:\/\/acreurope.eu\/sv\/derila\/\"},\"author\":{\"name\":\"admin66\",\"@id\":\"https:\/\/acreurope.eu\/sv\/#\/schema\/person\/1cb8475a6d80cee160766e6547fe8d70\"},\"headline\":\"Derila Kudde: Test, od\u00f6me, pris, omd\u00f6me: Ingen bluff\",\"datePublished\":\"2023-11-14T09:01:29+00:00\",\"dateModified\":\"2024-02-11T14:48:28+00:00\",\"mainEntityOfPage\":{\"@id\":\"https:\/\/acreurope.eu\/sv\/derila\/\"},\"wordCount\":2290,\"commentCount\":0,\"publisher\":{\"@id\":\"https:\/\/acreurope.eu\/sv\/#organization\"},\"image\":{\"@id\":\"https:\/\/acreurope.eu\/sv\/derila\/#primaryimage\"},\"thumbnailUrl\":\"https:\/\/acreurope.eu\/wp-content\/uploads\/2023\/11\/derila-reviews.jpg\",\"articleSection\":[\"Okategoriserad\"],\"inLanguage\":\"sv-SE\",\"potentialAction\":[{\"@type\":\"CommentAction\",\"name\":\"Comment\",\"target\":[\"https:\/\/acreurope.eu\/sv\/derila\/#respond\"]}]},{\"@type\":\"WebPage\",\"@id\":\"https:\/\/acreurope.eu\/sv\/derila\/\",\"url\":\"https:\/\/acreurope.eu\/sv\/derila\/\",\"name\":\"Derila Kudde \ud83d\uddd2\ufe0f Omd\u00f6me & l\u00e4gsta pris (Ingen bluff)\",\"isPartOf\":{\"@id\":\"https:\/\/acreurope.eu\/sv\/#website\"},\"primaryImageOfPage\":{\"@id\":\"https:\/\/acreurope.eu\/sv\/derila\/#primaryimage\"},\"image\":{\"@id\":\"https:\/\/acreurope.eu\/sv\/derila\/#primaryimage\"},\"thumbnailUrl\":\"https:\/\/acreurope.eu\/wp-content\/uploads\/2023\/11\/derila-reviews.jpg\",\"datePublished\":\"2023-11-14T09:01:29+00:00\",\"dateModified\":\"2024-02-11T14:48:28+00:00\",\"breadcrumb\":{\"@id\":\"https:\/\/acreurope.eu\/sv\/derila\/#breadcrumb\"},\"inLanguage\":\"sv-SE\",\"potentialAction\":[{\"@type\":\"ReadAction\",\"target\":[\"https:\/\/acreurope.eu\/sv\/derila\/\"]}]},{\"@type\":\"ImageObject\",\"inLanguage\":\"sv-SE\",\"@id\":\"https:\/\/acreurope.eu\/sv\/derila\/#primaryimage\",\"url\":\"https:\/\/acreurope.eu\/wp-content\/uploads\/2023\/11\/derila-reviews.jpg\",\"contentUrl\":\"https:\/\/acreurope.eu\/wp-content\/uploads\/2023\/11\/derila-reviews.jpg\",\"width\":900,\"height\":630},{\"@type\":\"BreadcrumbList\",\"@id\":\"https:\/\/acreurope.eu\/sv\/derila\/#breadcrumb\",\"itemListElement\":[{\"@type\":\"ListItem\",\"position\":1,\"name\":\"Startseite\",\"item\":\"https:\/\/acreurope.eu\/sv\/\"},{\"@type\":\"ListItem\",\"position\":2,\"name\":\"Derila Kudde: Test, od\u00f6me, pris, omd\u00f6me: Ingen bluff\"}]},{\"@type\":\"WebSite\",\"@id\":\"https:\/\/acreurope.eu\/sv\/#website\",\"url\":\"https:\/\/acreurope.eu\/sv\/\",\"name\":\"acreurope.eu\",\"description\":\"\",\"publisher\":{\"@id\":\"https:\/\/acreurope.eu\/sv\/#organization\"},\"potentialAction\":[{\"@type\":\"SearchAction\",\"target\":{\"@type\":\"EntryPoint\",\"urlTemplate\":\"https:\/\/acreurope.eu\/sv\/?s={search_term_string}\"},\"query-input\":{\"@type\":\"PropertyValueSpecification\",\"valueRequired\":true,\"valueName\":\"search_term_string\"}}],\"inLanguage\":\"sv-SE\"},{\"@type\":\"Organization\",\"@id\":\"https:\/\/acreurope.eu\/sv\/#organization\",\"name\":\"acreurope.eu\",\"url\":\"https:\/\/acreurope.eu\/sv\/\",\"logo\":{\"@type\":\"ImageObject\",\"inLanguage\":\"sv-SE\",\"@id\":\"https:\/\/acreurope.eu\/sv\/#\/schema\/logo\/image\/\",\"url\":\"https:\/\/acreurope.eu\/wp-content\/uploads\/2023\/11\/ACReurope.png\",\"contentUrl\":\"https:\/\/acreurope.eu\/wp-content\/uploads\/2023\/11\/ACReurope.png\",\"width\":200,\"height\":198,\"caption\":\"acreurope.eu\"},\"image\":{\"@id\":\"https:\/\/acreurope.eu\/sv\/#\/schema\/logo\/image\/\"}},{\"@type\":\"Person\",\"@id\":\"https:\/\/acreurope.eu\/sv\/#\/schema\/person\/1cb8475a6d80cee160766e6547fe8d70\",\"name\":\"admin66\",\"image\":{\"@type\":\"ImageObject\",\"inLanguage\":\"sv-SE\",\"@id\":\"https:\/\/acreurope.eu\/sv\/#\/schema\/person\/image\/\",\"url\":\"https:\/\/secure.gravatar.com\/avatar\/a151f768b74210abe56ee5aedc38ade926286f8dbfb83d1ea65496f4cccd3095?s=96&d=mm&r=g\",\"contentUrl\":\"https:\/\/secure.gravatar.com\/avatar\/a151f768b74210abe56ee5aedc38ade926286f8dbfb83d1ea65496f4cccd3095?s=96&d=mm&r=g\",\"caption\":\"admin66\"},\"sameAs\":[\"http:\/\/acreurope.eu\"]}]}<\/script>\n<!-- \/ Yoast SEO plugin. -->","yoast_head_json":{"title":"Derila Kudde \ud83d\uddd2\ufe0f Omd\u00f6me & l\u00e4gsta pris (Ingen bluff)","robots":{"index":"index","follow":"follow","max-snippet":"max-snippet:-1","max-image-preview":"max-image-preview:large","max-video-preview":"max-video-preview:-1"},"canonical":"https:\/\/acreurope.eu\/sv\/derila\/","og_locale":"sv_SE","og_type":"article","og_title":"Derila Kudde \ud83d\uddd2\ufe0f Omd\u00f6me & l\u00e4gsta pris (Ingen bluff)","og_description":"Den nya Derila-kudden har f\u00e5tt uppm\u00e4rksamhet p\u00e5 marknaden f\u00f6r sin unika design och potential att lindra snarkning och obehag under s\u00f6mnen. Med sin distinkta fj\u00e4rilsform syftar denna ergonomiska kudde till att ge optimalt st\u00f6d f\u00f6r huvud, nacke och rygg, vilket resulterar i en mer vilsam s\u00f6mnupplevelse. Kunder som har provat Derila Pillow har delat med ... Weiterlesen ...","og_url":"https:\/\/acreurope.eu\/sv\/derila\/","og_site_name":"acreurope.eu","article_published_time":"2023-11-14T09:01:29+00:00","article_modified_time":"2024-02-11T14:48:28+00:00","og_image":[{"width":900,"height":630,"url":"https:\/\/acreurope.eu\/wp-content\/uploads\/2023\/11\/derila-reviews.jpg","type":"image\/jpeg"}],"author":"admin66","twitter_card":"summary_large_image","twitter_misc":{"Skriven av":"admin66","Ber\u00e4knad l\u00e4stid":"9 minuter"},"schema":{"@context":"https:\/\/schema.org","@graph":[{"@type":"Article","@id":"https:\/\/acreurope.eu\/sv\/derila\/#article","isPartOf":{"@id":"https:\/\/acreurope.eu\/sv\/derila\/"},"author":{"name":"admin66","@id":"https:\/\/acreurope.eu\/sv\/#\/schema\/person\/1cb8475a6d80cee160766e6547fe8d70"},"headline":"Derila Kudde: Test, od\u00f6me, pris, omd\u00f6me: Ingen bluff","datePublished":"2023-11-14T09:01:29+00:00","dateModified":"2024-02-11T14:48:28+00:00","mainEntityOfPage":{"@id":"https:\/\/acreurope.eu\/sv\/derila\/"},"wordCount":2290,"commentCount":0,"publisher":{"@id":"https:\/\/acreurope.eu\/sv\/#organization"},"image":{"@id":"https:\/\/acreurope.eu\/sv\/derila\/#primaryimage"},"thumbnailUrl":"https:\/\/acreurope.eu\/wp-content\/uploads\/2023\/11\/derila-reviews.jpg","articleSection":["Okategoriserad"],"inLanguage":"sv-SE","potentialAction":[{"@type":"CommentAction","name":"Comment","target":["https:\/\/acreurope.eu\/sv\/derila\/#respond"]}]},{"@type":"WebPage","@id":"https:\/\/acreurope.eu\/sv\/derila\/","url":"https:\/\/acreurope.eu\/sv\/derila\/","name":"Derila Kudde \ud83d\uddd2\ufe0f Omd\u00f6me & l\u00e4gsta pris (Ingen bluff)","isPartOf":{"@id":"https:\/\/acreurope.eu\/sv\/#website"},"primaryImageOfPage":{"@id":"https:\/\/acreurope.eu\/sv\/derila\/#primaryimage"},"image":{"@id":"https:\/\/acreurope.eu\/sv\/derila\/#primaryimage"},"thumbnailUrl":"https:\/\/acreurope.eu\/wp-content\/uploads\/2023\/11\/derila-reviews.jpg","datePublished":"2023-11-14T09:01:29+00:00","dateModified":"2024-02-11T14:48:28+00:00","breadcrumb":{"@id":"https:\/\/acreurope.eu\/sv\/derila\/#breadcrumb"},"inLanguage":"sv-SE","potentialAction":[{"@type":"ReadAction","target":["https:\/\/acreurope.eu\/sv\/derila\/"]}]},{"@type":"ImageObject","inLanguage":"sv-SE","@id":"https:\/\/acreurope.eu\/sv\/derila\/#primaryimage","url":"https:\/\/acreurope.eu\/wp-content\/uploads\/2023\/11\/derila-reviews.jpg","contentUrl":"https:\/\/acreurope.eu\/wp-content\/uploads\/2023\/11\/derila-reviews.jpg","width":900,"height":630},{"@type":"BreadcrumbList","@id":"https:\/\/acreurope.eu\/sv\/derila\/#breadcrumb","itemListElement":[{"@type":"ListItem","position":1,"name":"Startseite","item":"https:\/\/acreurope.eu\/sv\/"},{"@type":"ListItem","position":2,"name":"Derila Kudde: Test, od\u00f6me, pris, omd\u00f6me: Ingen bluff"}]},{"@type":"WebSite","@id":"https:\/\/acreurope.eu\/sv\/#website","url":"https:\/\/acreurope.eu\/sv\/","name":"acreurope.eu","description":"","publisher":{"@id":"https:\/\/acreurope.eu\/sv\/#organization"},"potentialAction":[{"@type":"SearchAction","target":{"@type":"EntryPoint","urlTemplate":"https:\/\/acreurope.eu\/sv\/?s={search_term_string}"},"query-input":{"@type":"PropertyValueSpecification","valueRequired":true,"valueName":"search_term_string"}}],"inLanguage":"sv-SE"},{"@type":"Organization","@id":"https:\/\/acreurope.eu\/sv\/#organization","name":"acreurope.eu","url":"https:\/\/acreurope.eu\/sv\/","logo":{"@type":"ImageObject","inLanguage":"sv-SE","@id":"https:\/\/acreurope.eu\/sv\/#\/schema\/logo\/image\/","url":"https:\/\/acreurope.eu\/wp-content\/uploads\/2023\/11\/ACReurope.png","contentUrl":"https:\/\/acreurope.eu\/wp-content\/uploads\/2023\/11\/ACReurope.png","width":200,"height":198,"caption":"acreurope.eu"},"image":{"@id":"https:\/\/acreurope.eu\/sv\/#\/schema\/logo\/image\/"}},{"@type":"Person","@id":"https:\/\/acreurope.eu\/sv\/#\/schema\/person\/1cb8475a6d80cee160766e6547fe8d70","name":"admin66","image":{"@type":"ImageObject","inLanguage":"sv-SE","@id":"https:\/\/acreurope.eu\/sv\/#\/schema\/person\/image\/","url":"https:\/\/secure.gravatar.com\/avatar\/a151f768b74210abe56ee5aedc38ade926286f8dbfb83d1ea65496f4cccd3095?s=96&d=mm&r=g","contentUrl":"https:\/\/secure.gravatar.com\/avatar\/a151f768b74210abe56ee5aedc38ade926286f8dbfb83d1ea65496f4cccd3095?s=96&d=mm&r=g","caption":"admin66"},"sameAs":["http:\/\/acreurope.eu"]}]}},"_links":{"self":[{"href":"https:\/\/acreurope.eu\/sv\/wp-json\/wp\/v2\/posts\/74","targetHints":{"allow":["GET"]}}],"collection":[{"href":"https:\/\/acreurope.eu\/sv\/wp-json\/wp\/v2\/posts"}],"about":[{"href":"https:\/\/acreurope.eu\/sv\/wp-json\/wp\/v2\/types\/post"}],"author":[{"embeddable":true,"href":"https:\/\/acreurope.eu\/sv\/wp-json\/wp\/v2\/users\/1"}],"replies":[{"embeddable":true,"href":"https:\/\/acreurope.eu\/sv\/wp-json\/wp\/v2\/comments?post=74"}],"version-history":[{"count":1,"href":"https:\/\/acreurope.eu\/sv\/wp-json\/wp\/v2\/posts\/74\/revisions"}],"predecessor-version":[{"id":77,"href":"https:\/\/acreurope.eu\/sv\/wp-json\/wp\/v2\/posts\/74\/revisions\/77"}],"wp:featuredmedia":[{"embeddable":true,"href":"https:\/\/acreurope.eu\/sv\/wp-json\/wp\/v2\/media\/75"}],"wp:attachment":[{"href":"https:\/\/acreurope.eu\/sv\/wp-json\/wp\/v2\/media?parent=74"}],"wp:term":[{"taxonomy":"category","embeddable":true,"href":"https:\/\/acreurope.eu\/sv\/wp-json\/wp\/v2\/categories?post=74"},{"taxonomy":"post_tag","embeddable":true,"href":"https:\/\/acreurope.eu\/sv\/wp-json\/wp\/v2\/tags?post=74"}],"curies":[{"name":"wp","href":"https:\/\/api.w.org\/{rel}","templated":true}]}}